{"id":2057,"date":"2017-03-06T12:25:04","date_gmt":"2017-03-06T11:25:04","guid":{"rendered":"http:\/\/agora.xtec.cat\/iesdelvoltreganes\/?p=2057"},"modified":"2017-03-07T11:51:51","modified_gmt":"2017-03-07T10:51:51","slug":"practiquem-la-solidaritat-i-avancem-cap-a-la-pau","status":"publish","type":"post","link":"https:\/\/agora.xtec.cat\/iesdelvoltreganes\/general\/practiquem-la-solidaritat-i-avancem-cap-a-la-pau\/","title":{"rendered":"Practiquem la solidaritat i avancem cap a la pau"},"content":{"rendered":"<p>Els alumnes de 1r i 2n de batxillerat de l&#8217;Institut han assistit a la xerrada\u00a0<em>Practiquem la solidaritat i avancem cap a la Pau<\/em>, a c\u00e0rrec de l&#8217;Arcadi Oliveres. Activitat realitzada amb la col\u00b7laboraci\u00f3 de l&#8217;Ajuntament de Les Masies de Voltreg\u00e0 i Sant Hip\u00f2lit de Voltreg\u00e0 i l&#8217;Institut del Voltregan\u00e8s.\u00a0<span>Al llarg de la seva confer\u00e8ncia, el professor ha defensat els drets humans, la pau i la just\u00edcia social. No s&#8217;ha oblidat de denunciar el subdesenvolupament i la desigualtat socio-econ\u00f2mica a partir d&#8217;exemples concrets de l&#8217;actualitat. Tamb\u00e9 ha demanat als alumnes<\/span>\u00a0un consum responsable i promoure una economia solid\u00e0ria per tal d&#8217;avan\u00e7ar cap a la pau. Abans d&#8217;acabar els alumnes, en el torn de paraules, han dialogat amb el professor. De segur que el seu discurs no ha deixat a ning\u00fa indiferent.<\/p>\n<p class=\"m_8347220535353346680gmail-\"><a href=\"http:\/\/agora.xtec.cat\/iesdelvoltreganes\/wp-content\/uploads\/usu618\/2017\/03\/DSC_0101.jpg\"><img loading=\"lazy\" decoding=\"async\" class=\"alignnone wp-image-2060 size-medium\" src=\"http:\/\/agora.xtec.cat\/iesdelvoltreganes\/wp-content\/uploads\/usu618\/2017\/03\/DSC_0101-300x199.jpg\" alt=\"dsc_0101\" width=\"300\" height=\"199\" srcset=\"https:\/\/agora.xtec.cat\/iesdelvoltreganes\/wp-content\/uploads\/usu618\/2017\/03\/DSC_0101-300x199.jpg 300w, https:\/\/agora.xtec.cat\/iesdelvoltreganes\/wp-content\/uploads\/usu618\/2017\/03\/DSC_0101-768x511.jpg 768w, https:\/\/agora.xtec.cat\/iesdelvoltreganes\/wp-content\/uploads\/usu618\/2017\/03\/DSC_0101-1024x681.jpg 1024w, https:\/\/agora.xtec.cat\/iesdelvoltreganes\/wp-content\/uploads\/usu618\/2017\/03\/DSC_0101.jpg 1504w\" sizes=\"auto, (max-width: 300px) 100vw, 300px\" \/><\/a><a href=\"http:\/\/agora.xtec.cat\/iesdelvoltreganes\/wp-content\/uploads\/usu618\/2017\/03\/DSC_0103.jpg\"><img loading=\"lazy\" decoding=\"async\" class=\"alignnone wp-image-2061 size-medium\" src=\"http:\/\/agora.xtec.cat\/iesdelvoltreganes\/wp-content\/uploads\/usu618\/2017\/03\/DSC_0103-300x199.jpg\" alt=\"dsc_0103\" width=\"300\" height=\"199\" srcset=\"https:\/\/agora.xtec.cat\/iesdelvoltreganes\/wp-content\/uploads\/usu618\/2017\/03\/DSC_0103-300x199.jpg 300w, https:\/\/agora.xtec.cat\/iesdelvoltreganes\/wp-content\/uploads\/usu618\/2017\/03\/DSC_0103-768x511.jpg 768w, https:\/\/agora.xtec.cat\/iesdelvoltreganes\/wp-content\/uploads\/usu618\/2017\/03\/DSC_0103-1024x681.jpg 1024w, https:\/\/agora.xtec.cat\/iesdelvoltreganes\/wp-content\/uploads\/usu618\/2017\/03\/DSC_0103.jpg 1504w\" sizes=\"auto, (max-width: 300px) 100vw, 300px\" \/><\/a><\/p>\n","protected":false},"excerpt":{"rendered":"<p>Els alumnes de 1r i 2n de batxillerat de l&#8217;Institut han assistit a la xerrada\u00a0Practiquem la solidaritat i avancem cap a la Pau, a c\u00e0rrec de l&#8217;Arcadi Oliveres. Activitat realitzada amb la col\u00b7laboraci\u00f3 de l&#8217;Ajuntament de Les Masies de Voltreg\u00e0 i Sant Hip\u00f2lit de Voltreg\u00e0&hellip;  <a href=\"https:\/\/agora.xtec.cat\/iesdelvoltreganes\/general\/practiquem-la-solidaritat-i-avancem-cap-a-la-pau\/\" title=\"Read Practiquem la solidaritat i avancem cap a la pau\">Llegeix m\u00e9s\u00bb<\/a><\/p>\n","protected":false},"author":6,"featured_media":0,"comment_status":"open","ping_status":"open","sticky":false,"template":"","format":"standard","meta":{"_bbp_topic_count":0,"_bbp_reply_count":0,"_bbp_total_topic_count":0,"_bbp_total_reply_count":0,"_bbp_voice_count":0,"_bbp_anonymous_reply_count":0,"_bbp_topic_count_hidden":0,"_bbp_reply_count_hidden":0,"_bbp_forum_subforum_count":0,"footnotes":""},"categories":[8,66,1,29],"tags":[44],"class_list":["post-2057","post","type-post","status-publish","format-standard","hentry","category-batxillerat","category-ciencies-socials","category-general","category-portada","tag-xerrades"],"post_mailing_queue_ids":[],"_links":{"self":[{"href":"https:\/\/agora.xtec.cat\/iesdelvoltreganes\/wp-json\/wp\/v2\/posts\/2057","targetHints":{"allow":["GET"]}}],"collection":[{"href":"https:\/\/agora.xtec.cat\/iesdelvoltreganes\/wp-json\/wp\/v2\/posts"}],"about":[{"href":"https:\/\/agora.xtec.cat\/iesdelvoltreganes\/wp-json\/wp\/v2\/types\/post"}],"author":[{"embeddable":true,"href":"https:\/\/agora.xtec.cat\/iesdelvoltreganes\/wp-json\/wp\/v2\/users\/6"}],"replies":[{"embeddable":true,"href":"https:\/\/agora.xtec.cat\/iesdelvoltreganes\/wp-json\/wp\/v2\/comments?post=2057"}],"version-history":[{"count":3,"href":"https:\/\/agora.xtec.cat\/iesdelvoltreganes\/wp-json\/wp\/v2\/posts\/2057\/revisions"}],"predecessor-version":[{"id":2069,"href":"https:\/\/agora.xtec.cat\/iesdelvoltreganes\/wp-json\/wp\/v2\/posts\/2057\/revisions\/2069"}],"wp:attachment":[{"href":"https:\/\/agora.xtec.cat\/iesdelvoltreganes\/wp-json\/wp\/v2\/media?parent=2057"}],"wp:term":[{"taxonomy":"category","embeddable":true,"href":"https:\/\/agora.xtec.cat\/iesdelvoltreganes\/wp-json\/wp\/v2\/categories?post=2057"},{"taxonomy":"post_tag","embeddable":true,"href":"https:\/\/agora.xtec.cat\/iesdelvoltreganes\/wp-json\/wp\/v2\/tags?post=2057"}],"curies":[{"name":"wp","href":"https:\/\/api.w.org\/{rel}","templated":true}]}}