{"id":2055,"date":"2017-03-06T12:23:18","date_gmt":"2017-03-06T11:23:18","guid":{"rendered":"http:\/\/agora.xtec.cat\/iesdelvoltreganes\/?p=2055"},"modified":"2017-03-31T10:52:40","modified_gmt":"2017-03-31T08:52:40","slug":"fronteres","status":"publish","type":"post","link":"https:\/\/agora.xtec.cat\/iesdelvoltreganes\/general\/fronteres\/","title":{"rendered":"Fronteres"},"content":{"rendered":"<p>Els alumnes de 3r i 4t d&#8217;ESO de l&#8217;Institut han treballat el tema de les<strong>\u00a0<\/strong><strong>Fronteres<\/strong>\u00a0i el fet\u00a0<strong>Migratori<\/strong>\u00a0a trav\u00e9s de la projecci\u00f3 d&#8217;un documental i la realitzaci\u00f3 d&#8217;un taller d&#8217;expressi\u00f3 corporal a c\u00e0rrec del grup de l&#8217;Associaci\u00f3 teatral Mousik\u00e9. L&#8217;activitat ha estat una col\u00b7laboraci\u00f3 dels Ajuntament de Les Masies de Voltreg\u00e0 i Sant Hip\u00f2lit de Voltreg\u00e0 amb l&#8217;Institut del Voltregan\u00e8s.<\/p>\n<p class=\"m_8347220535353346680gmail-\">El documental de Susanna Barranco,\u00a0<em>Caure del niu<\/em>, explora la vida de diferents joves i infants immigrants que han arribat a Barcelona. \u00c9s un viatge de l\u2019origen al present que narra l\u2019experi\u00e8ncia de viatge, la primera experi\u00e8ncia sense la fam\u00edlia i la realitat de cada fam\u00edlia al seu pa\u00eds d\u2019origen. Un retrat de la joventut, de les seves preocupacions, els seus anhels i les seves esperances, i de les dificultats de comen\u00e7ar una nova vida.<\/p>\n<p class=\"m_8347220535353346680gmail-\"><a href=\"http:\/\/agora.xtec.cat\/iesdelvoltreganes\/wp-content\/uploads\/usu618\/2017\/03\/DSC_0093.jpg\"><img loading=\"lazy\" decoding=\"async\" class=\"alignnone wp-image-2065 size-medium\" src=\"http:\/\/agora.xtec.cat\/iesdelvoltreganes\/wp-content\/uploads\/usu618\/2017\/03\/DSC_0093-300x199.jpg\" alt=\"dsc_0093\" width=\"300\" height=\"199\" srcset=\"https:\/\/agora.xtec.cat\/iesdelvoltreganes\/wp-content\/uploads\/usu618\/2017\/03\/DSC_0093-300x199.jpg 300w, https:\/\/agora.xtec.cat\/iesdelvoltreganes\/wp-content\/uploads\/usu618\/2017\/03\/DSC_0093-768x511.jpg 768w, https:\/\/agora.xtec.cat\/iesdelvoltreganes\/wp-content\/uploads\/usu618\/2017\/03\/DSC_0093-1024x681.jpg 1024w, https:\/\/agora.xtec.cat\/iesdelvoltreganes\/wp-content\/uploads\/usu618\/2017\/03\/DSC_0093.jpg 1504w\" sizes=\"auto, (max-width: 300px) 100vw, 300px\" \/><\/a> <a href=\"http:\/\/agora.xtec.cat\/iesdelvoltreganes\/wp-content\/uploads\/usu618\/2017\/03\/DSC_0094.jpg\"><img loading=\"lazy\" decoding=\"async\" class=\"alignnone wp-image-2066 size-medium\" src=\"http:\/\/agora.xtec.cat\/iesdelvoltreganes\/wp-content\/uploads\/usu618\/2017\/03\/DSC_0094-300x199.jpg\" alt=\"dsc_0094\" width=\"300\" height=\"199\" srcset=\"https:\/\/agora.xtec.cat\/iesdelvoltreganes\/wp-content\/uploads\/usu618\/2017\/03\/DSC_0094-300x199.jpg 300w, https:\/\/agora.xtec.cat\/iesdelvoltreganes\/wp-content\/uploads\/usu618\/2017\/03\/DSC_0094-768x511.jpg 768w, https:\/\/agora.xtec.cat\/iesdelvoltreganes\/wp-content\/uploads\/usu618\/2017\/03\/DSC_0094-1024x681.jpg 1024w, https:\/\/agora.xtec.cat\/iesdelvoltreganes\/wp-content\/uploads\/usu618\/2017\/03\/DSC_0094.jpg 1504w\" sizes=\"auto, (max-width: 300px) 100vw, 300px\" \/><\/a> <a href=\"http:\/\/agora.xtec.cat\/iesdelvoltreganes\/wp-content\/uploads\/usu618\/2017\/03\/DSC_0099.jpg\"><img loading=\"lazy\" decoding=\"async\" class=\"alignnone wp-image-2067 size-medium\" src=\"http:\/\/agora.xtec.cat\/iesdelvoltreganes\/wp-content\/uploads\/usu618\/2017\/03\/DSC_0099-300x199.jpg\" alt=\"dsc_0099\" width=\"300\" height=\"199\" srcset=\"https:\/\/agora.xtec.cat\/iesdelvoltreganes\/wp-content\/uploads\/usu618\/2017\/03\/DSC_0099-300x199.jpg 300w, https:\/\/agora.xtec.cat\/iesdelvoltreganes\/wp-content\/uploads\/usu618\/2017\/03\/DSC_0099-768x511.jpg 768w, https:\/\/agora.xtec.cat\/iesdelvoltreganes\/wp-content\/uploads\/usu618\/2017\/03\/DSC_0099-1024x681.jpg 1024w, https:\/\/agora.xtec.cat\/iesdelvoltreganes\/wp-content\/uploads\/usu618\/2017\/03\/DSC_0099.jpg 1504w\" sizes=\"auto, (max-width: 300px) 100vw, 300px\" \/><\/a><\/p>\n<p><!--more--><\/p>\n<p><!--more--><\/p>\n","protected":false},"excerpt":{"rendered":"<p>Els alumnes de 3r i 4t d&#8217;ESO de l&#8217;Institut han treballat el tema de les\u00a0Fronteres\u00a0i el fet\u00a0Migratori\u00a0a trav\u00e9s de la projecci\u00f3 d&#8217;un documental i la realitzaci\u00f3 d&#8217;un taller d&#8217;expressi\u00f3 corporal a c\u00e0rrec del grup de l&#8217;Associaci\u00f3 teatral Mousik\u00e9. L&#8217;activitat ha estat una col\u00b7laboraci\u00f3 dels Ajuntament&hellip;  <a href=\"https:\/\/agora.xtec.cat\/iesdelvoltreganes\/general\/fronteres\/\" title=\"Read Fronteres\">Llegeix m\u00e9s\u00bb<\/a><\/p>\n","protected":false},"author":6,"featured_media":0,"comment_status":"open","ping_status":"open","sticky":false,"template":"","format":"standard","meta":{"_bbp_topic_count":0,"_bbp_reply_count":0,"_bbp_total_topic_count":0,"_bbp_total_reply_count":0,"_bbp_voice_count":0,"_bbp_anonymous_reply_count":0,"_bbp_topic_count_hidden":0,"_bbp_reply_count_hidden":0,"_bbp_forum_subforum_count":0,"footnotes":""},"categories":[66,6,7,1,29],"tags":[],"class_list":["post-2055","post","type-post","status-publish","format-standard","hentry","category-ciencies-socials","category-eso-3","category-eso-4","category-general","category-portada"],"post_mailing_queue_ids":[],"_links":{"self":[{"href":"https:\/\/agora.xtec.cat\/iesdelvoltreganes\/wp-json\/wp\/v2\/posts\/2055","targetHints":{"allow":["GET"]}}],"collection":[{"href":"https:\/\/agora.xtec.cat\/iesdelvoltreganes\/wp-json\/wp\/v2\/posts"}],"about":[{"href":"https:\/\/agora.xtec.cat\/iesdelvoltreganes\/wp-json\/wp\/v2\/types\/post"}],"author":[{"embeddable":true,"href":"https:\/\/agora.xtec.cat\/iesdelvoltreganes\/wp-json\/wp\/v2\/users\/6"}],"replies":[{"embeddable":true,"href":"https:\/\/agora.xtec.cat\/iesdelvoltreganes\/wp-json\/wp\/v2\/comments?post=2055"}],"version-history":[{"count":3,"href":"https:\/\/agora.xtec.cat\/iesdelvoltreganes\/wp-json\/wp\/v2\/posts\/2055\/revisions"}],"predecessor-version":[{"id":2111,"href":"https:\/\/agora.xtec.cat\/iesdelvoltreganes\/wp-json\/wp\/v2\/posts\/2055\/revisions\/2111"}],"wp:attachment":[{"href":"https:\/\/agora.xtec.cat\/iesdelvoltreganes\/wp-json\/wp\/v2\/media?parent=2055"}],"wp:term":[{"taxonomy":"category","embeddable":true,"href":"https:\/\/agora.xtec.cat\/iesdelvoltreganes\/wp-json\/wp\/v2\/categories?post=2055"},{"taxonomy":"post_tag","embeddable":true,"href":"https:\/\/agora.xtec.cat\/iesdelvoltreganes\/wp-json\/wp\/v2\/tags?post=2055"}],"curies":[{"name":"wp","href":"https:\/\/api.w.org\/{rel}","templated":true}]}}