{"id":2013,"date":"2017-02-28T09:16:55","date_gmt":"2017-02-28T08:16:55","guid":{"rendered":"http:\/\/agora.xtec.cat\/iesdelvoltreganes\/?p=2013"},"modified":"2017-02-28T09:16:55","modified_gmt":"2017-02-28T08:16:55","slug":"premi-llegim-ciencia-2","status":"publish","type":"post","link":"https:\/\/agora.xtec.cat\/iesdelvoltreganes\/general\/premi-llegim-ciencia-2\/","title":{"rendered":"Premi Llegim Ci\u00e8ncia"},"content":{"rendered":"<p>Els alumnes de 3r d&#8217;ESO i 4t d&#8217;ESO que cursen optatives de ci\u00e8ncies han participat a la 5a edici\u00f3 del Premi Llegim Ci\u00e8ncia que es va celebrar el passat 23 de febrer de 2017 a la Universitat de Vic. Donem l&#8217;enhorabona a en Blai Moreu que va guanyar el 4t premi i a l&#8217;Andreu Tort que va quedar finalista en 9a posici\u00f3.<\/p>\n<p><a href=\"http:\/\/agora.xtec.cat\/iesdelvoltreganes\/wp-content\/uploads\/usu618\/2017\/02\/uvic1.jpg\"><img loading=\"lazy\" decoding=\"async\" class=\"alignnone size-thumbnail wp-image-2014\" src=\"http:\/\/agora.xtec.cat\/iesdelvoltreganes\/wp-content\/uploads\/usu618\/2017\/02\/uvic1-150x150.jpg\" alt=\"uvic1\" width=\"150\" height=\"150\" \/><\/a> <a href=\"http:\/\/agora.xtec.cat\/iesdelvoltreganes\/wp-content\/uploads\/usu618\/2017\/02\/uvic2.jpg\"><img loading=\"lazy\" decoding=\"async\" class=\"alignnone size-thumbnail wp-image-2015\" src=\"http:\/\/agora.xtec.cat\/iesdelvoltreganes\/wp-content\/uploads\/usu618\/2017\/02\/uvic2-150x150.jpg\" alt=\"uvic2\" width=\"150\" height=\"150\" \/><\/a> <a href=\"http:\/\/agora.xtec.cat\/iesdelvoltreganes\/wp-content\/uploads\/usu618\/2017\/02\/uvic3.jpg\"><img loading=\"lazy\" decoding=\"async\" class=\"alignnone size-thumbnail wp-image-2016\" src=\"http:\/\/agora.xtec.cat\/iesdelvoltreganes\/wp-content\/uploads\/usu618\/2017\/02\/uvic3-150x150.jpg\" alt=\"uvic3\" width=\"150\" height=\"150\" \/><\/a> <a href=\"http:\/\/agora.xtec.cat\/iesdelvoltreganes\/wp-content\/uploads\/usu618\/2017\/02\/uvic5.jpg\"><img loading=\"lazy\" decoding=\"async\" class=\"alignnone size-thumbnail wp-image-2017\" src=\"http:\/\/agora.xtec.cat\/iesdelvoltreganes\/wp-content\/uploads\/usu618\/2017\/02\/uvic5-150x150.jpg\" alt=\"uvic5\" width=\"150\" height=\"150\" \/><\/a><\/p>\n","protected":false},"excerpt":{"rendered":"<p>Els alumnes de 3r d&#8217;ESO i 4t d&#8217;ESO que cursen optatives de ci\u00e8ncies han participat a la 5a edici\u00f3 del Premi Llegim Ci\u00e8ncia que es va celebrar el passat 23 de febrer de 2017 a la Universitat de Vic. Donem l&#8217;enhorabona a en Blai Moreu&hellip;  <a href=\"https:\/\/agora.xtec.cat\/iesdelvoltreganes\/general\/premi-llegim-ciencia-2\/\" title=\"Read Premi Llegim Ci\u00e8ncia\">Llegeix m\u00e9s\u00bb<\/a><\/p>\n","protected":false},"author":6,"featured_media":2014,"comment_status":"open","ping_status":"open","sticky":false,"template":"","format":"standard","meta":{"_bbp_topic_count":0,"_bbp_reply_count":0,"_bbp_total_topic_count":0,"_bbp_total_reply_count":0,"_bbp_voice_count":0,"_bbp_anonymous_reply_count":0,"_bbp_topic_count_hidden":0,"_bbp_reply_count_hidden":0,"_bbp_forum_subforum_count":0,"footnotes":""},"categories":[65,6,7,1,29],"tags":[82,39],"class_list":["post-2013","post","type-post","status-publish","format-standard","has-post-thumbnail","hentry","category-ciencies-experimentals","category-eso-3","category-eso-4","category-general","category-portada","tag-llibres","tag-sortides"],"post_mailing_queue_ids":[],"_links":{"self":[{"href":"https:\/\/agora.xtec.cat\/iesdelvoltreganes\/wp-json\/wp\/v2\/posts\/2013","targetHints":{"allow":["GET"]}}],"collection":[{"href":"https:\/\/agora.xtec.cat\/iesdelvoltreganes\/wp-json\/wp\/v2\/posts"}],"about":[{"href":"https:\/\/agora.xtec.cat\/iesdelvoltreganes\/wp-json\/wp\/v2\/types\/post"}],"author":[{"embeddable":true,"href":"https:\/\/agora.xtec.cat\/iesdelvoltreganes\/wp-json\/wp\/v2\/users\/6"}],"replies":[{"embeddable":true,"href":"https:\/\/agora.xtec.cat\/iesdelvoltreganes\/wp-json\/wp\/v2\/comments?post=2013"}],"version-history":[{"count":1,"href":"https:\/\/agora.xtec.cat\/iesdelvoltreganes\/wp-json\/wp\/v2\/posts\/2013\/revisions"}],"predecessor-version":[{"id":2018,"href":"https:\/\/agora.xtec.cat\/iesdelvoltreganes\/wp-json\/wp\/v2\/posts\/2013\/revisions\/2018"}],"wp:featuredmedia":[{"embeddable":true,"href":"https:\/\/agora.xtec.cat\/iesdelvoltreganes\/wp-json\/wp\/v2\/media\/2014"}],"wp:attachment":[{"href":"https:\/\/agora.xtec.cat\/iesdelvoltreganes\/wp-json\/wp\/v2\/media?parent=2013"}],"wp:term":[{"taxonomy":"category","embeddable":true,"href":"https:\/\/agora.xtec.cat\/iesdelvoltreganes\/wp-json\/wp\/v2\/categories?post=2013"},{"taxonomy":"post_tag","embeddable":true,"href":"https:\/\/agora.xtec.cat\/iesdelvoltreganes\/wp-json\/wp\/v2\/tags?post=2013"}],"curies":[{"name":"wp","href":"https:\/\/api.w.org\/{rel}","templated":true}]}}