{"id":1989,"date":"2017-02-05T09:58:46","date_gmt":"2017-02-05T08:58:46","guid":{"rendered":"http:\/\/agora.xtec.cat\/iesdelvoltreganes\/?p=1989"},"modified":"2017-02-17T10:26:50","modified_gmt":"2017-02-17T09:26:50","slug":"sortida-al-mnac","status":"publish","type":"post","link":"https:\/\/agora.xtec.cat\/iesdelvoltreganes\/general\/sortida-al-mnac\/","title":{"rendered":"Sortida al MNAC"},"content":{"rendered":"<p>El passat divendres 3 de febrer amb els alumnes de 2n de batxillerat vam visitar el Museu Nacional d\u2019Art de Catalunya, al Palau nacional i el pavell\u00f3 Mies van der Rohe, constru\u00efts en el marc de l\u2019Exposici\u00f3 Internacional de Barcelona al 1929 a Montjuic.<\/p>\n<p>Amb tots els alumnes, en el context de la mat\u00e8ria d\u2019hist\u00f2ria, vam poder veure les principals obres del Modernisme i les obres realitzades en el context de la Guerra Civil, sobretot els cartells de contingut pol\u00edtic.<\/p>\n<p>Amb els alumnes que \u00a0a m\u00e9s, fan hist\u00f2ria de l\u2019art vam fer el recorregut per les obres d\u2019art rom\u00e0nic, que en aquesta ocasi\u00f3 es completaven amb una exposici\u00f3 sobre Picasso i el Rom\u00e0nic.<\/p>\n<p><a href=\"http:\/\/agora.xtec.cat\/iesdelvoltreganes\/wp-content\/uploads\/usu618\/2017\/02\/FullSizeRender1.jpg\"><img loading=\"lazy\" decoding=\"async\" class=\"alignnone wp-image-1996 size-thumbnail\" src=\"http:\/\/agora.xtec.cat\/iesdelvoltreganes\/wp-content\/uploads\/usu618\/2017\/02\/FullSizeRender1-150x150.jpg\" alt=\"fullsizerender1\" width=\"150\" height=\"150\" \/><\/a> <a href=\"http:\/\/agora.xtec.cat\/iesdelvoltreganes\/wp-content\/uploads\/usu618\/2017\/02\/FullSizeRender2.jpg\"><img loading=\"lazy\" decoding=\"async\" class=\"alignnone wp-image-1997 size-thumbnail\" src=\"http:\/\/agora.xtec.cat\/iesdelvoltreganes\/wp-content\/uploads\/usu618\/2017\/02\/FullSizeRender2-150x150.jpg\" alt=\"fullsizerender2\" width=\"150\" height=\"150\" \/><\/a> <a href=\"http:\/\/agora.xtec.cat\/iesdelvoltreganes\/wp-content\/uploads\/usu618\/2017\/02\/FullSizeRender.jpg\"><img loading=\"lazy\" decoding=\"async\" class=\"alignnone wp-image-1998 size-thumbnail\" src=\"http:\/\/agora.xtec.cat\/iesdelvoltreganes\/wp-content\/uploads\/usu618\/2017\/02\/FullSizeRender-150x150.jpg\" alt=\"fullsizerender\" width=\"150\" height=\"150\" \/><\/a><\/p>\n","protected":false},"excerpt":{"rendered":"<p>El passat divendres 3 de febrer amb els alumnes de 2n de batxillerat vam visitar el Museu Nacional d\u2019Art de Catalunya, al Palau nacional i el pavell\u00f3 Mies van der Rohe, constru\u00efts en el marc de l\u2019Exposici\u00f3 Internacional de Barcelona al 1929 a Montjuic.<br \/>\nAmb tots&hellip;  <a href=\"https:\/\/agora.xtec.cat\/iesdelvoltreganes\/general\/sortida-al-mnac\/\" title=\"Read Sortida al MNAC\">Llegeix m\u00e9s\u00bb<\/a><\/p>\n","protected":false},"author":6,"featured_media":0,"comment_status":"open","ping_status":"open","sticky":false,"template":"","format":"standard","meta":{"_bbp_topic_count":0,"_bbp_reply_count":0,"_bbp_total_topic_count":0,"_bbp_total_reply_count":0,"_bbp_voice_count":0,"_bbp_anonymous_reply_count":0,"_bbp_topic_count_hidden":0,"_bbp_reply_count_hidden":0,"_bbp_forum_subforum_count":0,"footnotes":""},"categories":[8,66,1,29],"tags":[39],"class_list":["post-1989","post","type-post","status-publish","format-standard","hentry","category-batxillerat","category-ciencies-socials","category-general","category-portada","tag-sortides"],"post_mailing_queue_ids":[],"_links":{"self":[{"href":"https:\/\/agora.xtec.cat\/iesdelvoltreganes\/wp-json\/wp\/v2\/posts\/1989","targetHints":{"allow":["GET"]}}],"collection":[{"href":"https:\/\/agora.xtec.cat\/iesdelvoltreganes\/wp-json\/wp\/v2\/posts"}],"about":[{"href":"https:\/\/agora.xtec.cat\/iesdelvoltreganes\/wp-json\/wp\/v2\/types\/post"}],"author":[{"embeddable":true,"href":"https:\/\/agora.xtec.cat\/iesdelvoltreganes\/wp-json\/wp\/v2\/users\/6"}],"replies":[{"embeddable":true,"href":"https:\/\/agora.xtec.cat\/iesdelvoltreganes\/wp-json\/wp\/v2\/comments?post=1989"}],"version-history":[{"count":3,"href":"https:\/\/agora.xtec.cat\/iesdelvoltreganes\/wp-json\/wp\/v2\/posts\/1989\/revisions"}],"predecessor-version":[{"id":2000,"href":"https:\/\/agora.xtec.cat\/iesdelvoltreganes\/wp-json\/wp\/v2\/posts\/1989\/revisions\/2000"}],"wp:attachment":[{"href":"https:\/\/agora.xtec.cat\/iesdelvoltreganes\/wp-json\/wp\/v2\/media?parent=1989"}],"wp:term":[{"taxonomy":"category","embeddable":true,"href":"https:\/\/agora.xtec.cat\/iesdelvoltreganes\/wp-json\/wp\/v2\/categories?post=1989"},{"taxonomy":"post_tag","embeddable":true,"href":"https:\/\/agora.xtec.cat\/iesdelvoltreganes\/wp-json\/wp\/v2\/tags?post=1989"}],"curies":[{"name":"wp","href":"https:\/\/api.w.org\/{rel}","templated":true}]}}