{"id":1978,"date":"2017-02-16T17:06:43","date_gmt":"2017-02-16T16:06:43","guid":{"rendered":"http:\/\/agora.xtec.cat\/iesdelvoltreganes\/?p=1978"},"modified":"2017-02-23T09:26:40","modified_gmt":"2017-02-23T08:26:40","slug":"sortida-al-montseny-per-veure-el-llop-lupus","status":"publish","type":"post","link":"https:\/\/agora.xtec.cat\/iesdelvoltreganes\/general\/sortida-al-montseny-per-veure-el-llop-lupus\/","title":{"rendered":"Campanya de sensibilitzaci\u00f3 i divulgaci\u00f3 &#8220;Apropa\u2019t al m\u00f3n del llop\u201d"},"content":{"rendered":"<p><a href=\"https:\/\/goo.gl\/photos\/Tr65TNLZtvczjszm8\"><img loading=\"lazy\" decoding=\"async\" class=\"alignnone wp-image-1981 size-large\" src=\"http:\/\/agora.xtec.cat\/iesdelvoltreganes\/wp-content\/uploads\/usu618\/2017\/02\/P1170427-e1487261347843-1024x1005.jpg\" alt=\"p1170427\" width=\"1024\" height=\"1005\" srcset=\"https:\/\/agora.xtec.cat\/iesdelvoltreganes\/wp-content\/uploads\/usu618\/2017\/02\/P1170427-e1487261347843-1024x1005.jpg 1024w, https:\/\/agora.xtec.cat\/iesdelvoltreganes\/wp-content\/uploads\/usu618\/2017\/02\/P1170427-e1487261347843-300x294.jpg 300w, https:\/\/agora.xtec.cat\/iesdelvoltreganes\/wp-content\/uploads\/usu618\/2017\/02\/P1170427-e1487261347843-768x754.jpg 768w, https:\/\/agora.xtec.cat\/iesdelvoltreganes\/wp-content\/uploads\/usu618\/2017\/02\/P1170427-e1487261347843.jpg 1036w\" sizes=\"auto, (max-width: 1024px) 100vw, 1024px\" \/><\/a><\/p>\n<p>Els alumnes de 1r d\u2019ESO de l\u2019Institut del Voltregan\u00e8s hem tingut l\u2019oportunitat de participar en la campanya de sensibilitzaci\u00f3 i divulgaci\u00f3: &#8220;Apropa\u2019t al m\u00f3n del llop\u201d.<\/p>\n<p>L\u2019activitat ha consistit en dues sessions, la primera d\u2019elles al mateix institut, i la segona a l\u2019escola de natura Can Lleonart, ubicada al Parc Natural del Montseny.<\/p>\n<p>El dimarts dia 14, a l\u2019aula, els alumnes vam aprendre aspectes de la biologia i l&#8217;ecologia del llop, i v\u00e0rem reflexionar sobre la relaci\u00f3 hist\u00f2rica dels humans i els llops, mitjan\u00e7ant una s\u00e8rie de jocs i activitats d\u2019all\u00f2 m\u00e9s distretes.<\/p>\n<p>El dijous dia 16 ens vam despla\u00e7ar fins al Montseny per fer un joc de pistes pel bosc, tot buscant rastres i petjades del llop, i sobretot per\u00a0poder con\u00e8ixer la <em>Lupus<\/em>, una lloba de quatre mesos que est\u00e0 socialitzada i que ens va permetre observar i aprendre m\u00e9s coses en primera persona sobre aquest apassionant animal i la seva problem\u00e0tica de conservaci\u00f3.<\/p>\n<p>&nbsp;<\/p>\n<p>https:\/\/youtu.be\/a2ebvMo_ZHo<\/p>\n<p>https:\/\/youtu.be\/UTP2mrKmSoQ<\/p>\n<p>https:\/\/youtu.be\/aIizMhrWJ5U<\/p>\n","protected":false},"excerpt":{"rendered":"<p><a href=\"https:\/\/goo.gl\/photos\/Tr65TNLZtvczjszm8\"><\/a><br \/>\nEls alumnes de 1r d\u2019ESO de l\u2019Institut del Voltregan\u00e8s hem tingut l\u2019oportunitat de participar en la campanya de sensibilitzaci\u00f3 i divulgaci\u00f3: &#8220;Apropa\u2019t al m\u00f3n del llop\u201d.<br \/>\nL\u2019activitat ha consistit en dues sessions, la primera d\u2019elles al mateix institut, i la segona a l\u2019escola de natura&hellip;  <a href=\"https:\/\/agora.xtec.cat\/iesdelvoltreganes\/general\/sortida-al-montseny-per-veure-el-llop-lupus\/\" title=\"Read Campanya de sensibilitzaci\u00f3 i divulgaci\u00f3 &#8220;Apropa\u2019t al m\u00f3n del llop\u201d\">Llegeix m\u00e9s\u00bb<\/a><\/p>\n","protected":false},"author":6,"featured_media":0,"comment_status":"open","ping_status":"open","sticky":false,"template":"","format":"standard","meta":{"_bbp_topic_count":0,"_bbp_reply_count":0,"_bbp_total_topic_count":0,"_bbp_total_reply_count":0,"_bbp_voice_count":0,"_bbp_anonymous_reply_count":0,"_bbp_topic_count_hidden":0,"_bbp_reply_count_hidden":0,"_bbp_forum_subforum_count":0,"footnotes":""},"categories":[65,4,1,29],"tags":[],"class_list":["post-1978","post","type-post","status-publish","format-standard","hentry","category-ciencies-experimentals","category-eso-1","category-general","category-portada"],"post_mailing_queue_ids":[],"_links":{"self":[{"href":"https:\/\/agora.xtec.cat\/iesdelvoltreganes\/wp-json\/wp\/v2\/posts\/1978","targetHints":{"allow":["GET"]}}],"collection":[{"href":"https:\/\/agora.xtec.cat\/iesdelvoltreganes\/wp-json\/wp\/v2\/posts"}],"about":[{"href":"https:\/\/agora.xtec.cat\/iesdelvoltreganes\/wp-json\/wp\/v2\/types\/post"}],"author":[{"embeddable":true,"href":"https:\/\/agora.xtec.cat\/iesdelvoltreganes\/wp-json\/wp\/v2\/users\/6"}],"replies":[{"embeddable":true,"href":"https:\/\/agora.xtec.cat\/iesdelvoltreganes\/wp-json\/wp\/v2\/comments?post=1978"}],"version-history":[{"count":3,"href":"https:\/\/agora.xtec.cat\/iesdelvoltreganes\/wp-json\/wp\/v2\/posts\/1978\/revisions"}],"predecessor-version":[{"id":2012,"href":"https:\/\/agora.xtec.cat\/iesdelvoltreganes\/wp-json\/wp\/v2\/posts\/1978\/revisions\/2012"}],"wp:attachment":[{"href":"https:\/\/agora.xtec.cat\/iesdelvoltreganes\/wp-json\/wp\/v2\/media?parent=1978"}],"wp:term":[{"taxonomy":"category","embeddable":true,"href":"https:\/\/agora.xtec.cat\/iesdelvoltreganes\/wp-json\/wp\/v2\/categories?post=1978"},{"taxonomy":"post_tag","embeddable":true,"href":"https:\/\/agora.xtec.cat\/iesdelvoltreganes\/wp-json\/wp\/v2\/tags?post=1978"}],"curies":[{"name":"wp","href":"https:\/\/api.w.org\/{rel}","templated":true}]}}