{"id":1971,"date":"2017-02-08T18:21:39","date_gmt":"2017-02-08T17:21:39","guid":{"rendered":"http:\/\/agora.xtec.cat\/iesdelvoltreganes\/?p=1971"},"modified":"2017-03-31T10:57:23","modified_gmt":"2017-03-31T08:57:23","slug":"geografia-en-accio","status":"publish","type":"post","link":"https:\/\/agora.xtec.cat\/iesdelvoltreganes\/general\/geografia-en-accio\/","title":{"rendered":"Geografia en acci\u00f3"},"content":{"rendered":"<p>Els alumnes de Geografia de 2n de batxillerat han realitzat un taller a la UAB, <i><b>Geografia en acci\u00f3<\/b>.<\/i>\u00a0Amb el professor Albert P\u00e8lachs del Grau de Geografia i Ordenaci\u00f3 del Territori \u00a0han fet\u00a0dos tallers. L&#8217;un ha incl\u00f2s una visita a la<b> Cartoteca<\/b> de la UAB, on se&#8217;ls han mostrat diferents mapes de la zona del Voltregan\u00e8s \u00a0i les diferents aplicacions d&#8217;interpretaci\u00f3 cartogr\u00e0fica del territori. Seguidament, al <b>LIGIT<\/b> han fet un exercici pr\u00e0ctic amb ordinador sobre les noves aplicacions dels mapes a partir de la creaci\u00f3 d&#8217;escenaris 3D i experimentaci\u00f3 amb l&#8217;opci\u00f3 de vols i perspectives.<\/p>\n<div><a href=\"https:\/\/goo.gl\/photos\/q7xUieuMUiJTxJmw8\"><img loading=\"lazy\" decoding=\"async\" class=\"aligncenter wp-image-1976 size-medium\" src=\"http:\/\/agora.xtec.cat\/iesdelvoltreganes\/wp-content\/uploads\/usu618\/2017\/02\/IMG-20170208-WA0024-300x225.jpg\" alt=\"img-20170208-wa0024\" width=\"300\" height=\"225\" srcset=\"https:\/\/agora.xtec.cat\/iesdelvoltreganes\/wp-content\/uploads\/usu618\/2017\/02\/IMG-20170208-WA0024-300x225.jpg 300w, https:\/\/agora.xtec.cat\/iesdelvoltreganes\/wp-content\/uploads\/usu618\/2017\/02\/IMG-20170208-WA0024-768x576.jpg 768w, https:\/\/agora.xtec.cat\/iesdelvoltreganes\/wp-content\/uploads\/usu618\/2017\/02\/IMG-20170208-WA0024-1024x768.jpg 1024w, https:\/\/agora.xtec.cat\/iesdelvoltreganes\/wp-content\/uploads\/usu618\/2017\/02\/IMG-20170208-WA0024-200x150.jpg 200w, https:\/\/agora.xtec.cat\/iesdelvoltreganes\/wp-content\/uploads\/usu618\/2017\/02\/IMG-20170208-WA0024.jpg 1600w\" sizes=\"auto, (max-width: 300px) 100vw, 300px\" \/><\/a><\/div>\n","protected":false},"excerpt":{"rendered":"<p>Els alumnes de Geografia de 2n de batxillerat han realitzat un taller a la UAB, Geografia en acci\u00f3.\u00a0Amb el professor Albert P\u00e8lachs del Grau de Geografia i Ordenaci\u00f3 del Territori \u00a0han fet\u00a0dos tallers. L&#8217;un ha incl\u00f2s una visita a la Cartoteca de la UAB, on&hellip;  <a href=\"https:\/\/agora.xtec.cat\/iesdelvoltreganes\/general\/geografia-en-accio\/\" title=\"Read Geografia en acci\u00f3\">Llegeix m\u00e9s\u00bb<\/a><\/p>\n","protected":false},"author":6,"featured_media":0,"comment_status":"open","ping_status":"open","sticky":false,"template":"","format":"standard","meta":{"_bbp_topic_count":0,"_bbp_reply_count":0,"_bbp_total_topic_count":0,"_bbp_total_reply_count":0,"_bbp_voice_count":0,"_bbp_anonymous_reply_count":0,"_bbp_topic_count_hidden":0,"_bbp_reply_count_hidden":0,"_bbp_forum_subforum_count":0,"footnotes":""},"categories":[8,66,1,29],"tags":[],"class_list":["post-1971","post","type-post","status-publish","format-standard","hentry","category-batxillerat","category-ciencies-socials","category-general","category-portada"],"post_mailing_queue_ids":[],"_links":{"self":[{"href":"https:\/\/agora.xtec.cat\/iesdelvoltreganes\/wp-json\/wp\/v2\/posts\/1971","targetHints":{"allow":["GET"]}}],"collection":[{"href":"https:\/\/agora.xtec.cat\/iesdelvoltreganes\/wp-json\/wp\/v2\/posts"}],"about":[{"href":"https:\/\/agora.xtec.cat\/iesdelvoltreganes\/wp-json\/wp\/v2\/types\/post"}],"author":[{"embeddable":true,"href":"https:\/\/agora.xtec.cat\/iesdelvoltreganes\/wp-json\/wp\/v2\/users\/6"}],"replies":[{"embeddable":true,"href":"https:\/\/agora.xtec.cat\/iesdelvoltreganes\/wp-json\/wp\/v2\/comments?post=1971"}],"version-history":[{"count":3,"href":"https:\/\/agora.xtec.cat\/iesdelvoltreganes\/wp-json\/wp\/v2\/posts\/1971\/revisions"}],"predecessor-version":[{"id":2116,"href":"https:\/\/agora.xtec.cat\/iesdelvoltreganes\/wp-json\/wp\/v2\/posts\/1971\/revisions\/2116"}],"wp:attachment":[{"href":"https:\/\/agora.xtec.cat\/iesdelvoltreganes\/wp-json\/wp\/v2\/media?parent=1971"}],"wp:term":[{"taxonomy":"category","embeddable":true,"href":"https:\/\/agora.xtec.cat\/iesdelvoltreganes\/wp-json\/wp\/v2\/categories?post=1971"},{"taxonomy":"post_tag","embeddable":true,"href":"https:\/\/agora.xtec.cat\/iesdelvoltreganes\/wp-json\/wp\/v2\/tags?post=1971"}],"curies":[{"name":"wp","href":"https:\/\/api.w.org\/{rel}","templated":true}]}}