{"id":1950,"date":"2017-01-30T12:13:23","date_gmt":"2017-01-30T11:13:23","guid":{"rendered":"http:\/\/agora.xtec.cat\/iesdelvoltreganes\/?p=1950"},"modified":"2017-02-28T10:32:12","modified_gmt":"2017-02-28T09:32:12","slug":"disseny-duna-ampolleta-de-perfum-2","status":"publish","type":"post","link":"https:\/\/agora.xtec.cat\/iesdelvoltreganes\/eso\/eso-1\/disseny-duna-ampolleta-de-perfum-2\/","title":{"rendered":"Disseny d&#8217;una ampolleta de perfum"},"content":{"rendered":"<p>Seguint el proc\u00e9s tecnol\u00f2gic els alumnes de 1r d\u2019ESO han dissenyat una ampolleta de perfum. Un cop definida la necessitat i especificades les condicions que ha de complir l\u2019ampolleta, els alumnes han buscat informaci\u00f3 i han recopilat idees. N\u2019han seleccionat la millor, han fet esbossos i l\u2019han dibuixat. Hem penjat els dissenys de les ampolletes al plaf\u00f3 de l&#8217;escala. Els alumnes i els professors de 1r han escrit el n\u00famero del disseny que m\u00e9s els ha agradat en un paperet. Les ampolletes guanyadores han estat les dissenyades per Judit S\u00e1nchez i Bruna Codina de 1r A i Paula Aceituno i Iria Busquets de 1r B. Els premis han estat unes mostres de perfum.<\/p>\n<p><a href=\"https:\/\/goo.gl\/photos\/NSFmENSRYuexBcoa7\"><img loading=\"lazy\" decoding=\"async\" class=\"wp-image-1951 size-medium aligncenter\" src=\"http:\/\/agora.xtec.cat\/iesdelvoltreganes\/wp-content\/uploads\/usu618\/2017\/01\/DSC_0859-300x199.jpg\" alt=\"dsc_0859\" width=\"300\" height=\"199\" srcset=\"https:\/\/agora.xtec.cat\/iesdelvoltreganes\/wp-content\/uploads\/usu618\/2017\/01\/DSC_0859-300x199.jpg 300w, https:\/\/agora.xtec.cat\/iesdelvoltreganes\/wp-content\/uploads\/usu618\/2017\/01\/DSC_0859-768x511.jpg 768w, https:\/\/agora.xtec.cat\/iesdelvoltreganes\/wp-content\/uploads\/usu618\/2017\/01\/DSC_0859-1024x681.jpg 1024w, https:\/\/agora.xtec.cat\/iesdelvoltreganes\/wp-content\/uploads\/usu618\/2017\/01\/DSC_0859.jpg 1504w\" sizes=\"auto, (max-width: 300px) 100vw, 300px\" \/><\/a><\/p>\n<p>Les ampolletes guanyadores:<\/p>\n<p><a href=\"http:\/\/agora.xtec.cat\/iesdelvoltreganes\/wp-content\/uploads\/usu618\/2017\/01\/perfum-e1488274116405.jpg\"><img loading=\"lazy\" decoding=\"async\" class=\"wp-image-2032 size-medium alignleft\" src=\"http:\/\/agora.xtec.cat\/iesdelvoltreganes\/wp-content\/uploads\/usu618\/2017\/01\/perfum-e1488274116405-227x300.jpg\" alt=\"perfum\" width=\"227\" height=\"300\" srcset=\"https:\/\/agora.xtec.cat\/iesdelvoltreganes\/wp-content\/uploads\/usu618\/2017\/01\/perfum-e1488274116405-227x300.jpg 227w, https:\/\/agora.xtec.cat\/iesdelvoltreganes\/wp-content\/uploads\/usu618\/2017\/01\/perfum-e1488274116405.jpg 327w\" sizes=\"auto, (max-width: 227px) 100vw, 227px\" \/><\/a> <a href=\"http:\/\/agora.xtec.cat\/iesdelvoltreganes\/wp-content\/uploads\/usu618\/2017\/01\/per-e1488274137901.jpg\"><img loading=\"lazy\" decoding=\"async\" class=\"alignnone wp-image-2031 size-medium aligncenter\" src=\"http:\/\/agora.xtec.cat\/iesdelvoltreganes\/wp-content\/uploads\/usu618\/2017\/01\/per-e1488274137901-259x300.jpg\" alt=\"per\" width=\"259\" height=\"300\" srcset=\"https:\/\/agora.xtec.cat\/iesdelvoltreganes\/wp-content\/uploads\/usu618\/2017\/01\/per-e1488274137901-259x300.jpg 259w, https:\/\/agora.xtec.cat\/iesdelvoltreganes\/wp-content\/uploads\/usu618\/2017\/01\/per-e1488274137901.jpg 421w\" sizes=\"auto, (max-width: 259px) 100vw, 259px\" \/><\/a><\/p>\n","protected":false},"excerpt":{"rendered":"<p>Seguint el proc\u00e9s tecnol\u00f2gic els alumnes de 1r d\u2019ESO han dissenyat una ampolleta de perfum. Un cop definida la necessitat i especificades les condicions que ha de complir l\u2019ampolleta, els alumnes han buscat informaci\u00f3 i han recopilat idees. N\u2019han seleccionat la millor, han fet esbossos&hellip;  <a href=\"https:\/\/agora.xtec.cat\/iesdelvoltreganes\/eso\/eso-1\/disseny-duna-ampolleta-de-perfum-2\/\" title=\"Read Disseny d&#8217;una ampolleta de perfum\">Llegeix m\u00e9s\u00bb<\/a><\/p>\n","protected":false},"author":6,"featured_media":1951,"comment_status":"open","ping_status":"open","sticky":false,"template":"","format":"standard","meta":{"_bbp_topic_count":0,"_bbp_reply_count":0,"_bbp_total_topic_count":0,"_bbp_total_reply_count":0,"_bbp_voice_count":0,"_bbp_anonymous_reply_count":0,"_bbp_topic_count_hidden":0,"_bbp_reply_count_hidden":0,"_bbp_forum_subforum_count":0,"footnotes":""},"categories":[4,64],"tags":[],"class_list":["post-1950","post","type-post","status-publish","format-standard","has-post-thumbnail","hentry","category-eso-1","category-tecnologia"],"post_mailing_queue_ids":[],"_links":{"self":[{"href":"https:\/\/agora.xtec.cat\/iesdelvoltreganes\/wp-json\/wp\/v2\/posts\/1950","targetHints":{"allow":["GET"]}}],"collection":[{"href":"https:\/\/agora.xtec.cat\/iesdelvoltreganes\/wp-json\/wp\/v2\/posts"}],"about":[{"href":"https:\/\/agora.xtec.cat\/iesdelvoltreganes\/wp-json\/wp\/v2\/types\/post"}],"author":[{"embeddable":true,"href":"https:\/\/agora.xtec.cat\/iesdelvoltreganes\/wp-json\/wp\/v2\/users\/6"}],"replies":[{"embeddable":true,"href":"https:\/\/agora.xtec.cat\/iesdelvoltreganes\/wp-json\/wp\/v2\/comments?post=1950"}],"version-history":[{"count":4,"href":"https:\/\/agora.xtec.cat\/iesdelvoltreganes\/wp-json\/wp\/v2\/posts\/1950\/revisions"}],"predecessor-version":[{"id":2036,"href":"https:\/\/agora.xtec.cat\/iesdelvoltreganes\/wp-json\/wp\/v2\/posts\/1950\/revisions\/2036"}],"wp:featuredmedia":[{"embeddable":true,"href":"https:\/\/agora.xtec.cat\/iesdelvoltreganes\/wp-json\/wp\/v2\/media\/1951"}],"wp:attachment":[{"href":"https:\/\/agora.xtec.cat\/iesdelvoltreganes\/wp-json\/wp\/v2\/media?parent=1950"}],"wp:term":[{"taxonomy":"category","embeddable":true,"href":"https:\/\/agora.xtec.cat\/iesdelvoltreganes\/wp-json\/wp\/v2\/categories?post=1950"},{"taxonomy":"post_tag","embeddable":true,"href":"https:\/\/agora.xtec.cat\/iesdelvoltreganes\/wp-json\/wp\/v2\/tags?post=1950"}],"curies":[{"name":"wp","href":"https:\/\/api.w.org\/{rel}","templated":true}]}}