{"id":1948,"date":"2017-01-30T16:53:22","date_gmt":"2017-01-30T15:53:22","guid":{"rendered":"http:\/\/agora.xtec.cat\/iesdelvoltreganes\/?p=1948"},"modified":"2017-02-01T17:45:42","modified_gmt":"2017-02-01T16:45:42","slug":"setmana-competencial","status":"publish","type":"post","link":"https:\/\/agora.xtec.cat\/iesdelvoltreganes\/general\/setmana-competencial\/","title":{"rendered":"Setmana competencial"},"content":{"rendered":"<p>Aquesta setmana \u00e9s diferent. Tenim alumnes de 3r i 4t d&#8217;ESO i de 1r de batxillerat a Anglaterra estudiant i practicant angl\u00e8s. Aquest dimecres els alumnes de 2n d&#8217;ESO van a esquiar a Masella. Els alumnes d&#8217;ESO que es queden fan activitats diferents. Hem dividit el mat\u00ed en tres franges: a la primera franja es fan activitats de l&#8217;\u00e0mbit art\u00edstic; a la segona franja, de l&#8217;\u00e0mbit cient\u00edficot\u00e8cnic, i a la tercera franja, de l&#8217;\u00e0mbit ling\u00fc\u00edstic.<\/p>\n<p><a href=\"https:\/\/goo.gl\/photos\/5PuU7b86YgDi5zeZ6\"><img loading=\"lazy\" decoding=\"async\" class=\"wp-image-1955 size-medium aligncenter\" src=\"http:\/\/agora.xtec.cat\/iesdelvoltreganes\/wp-content\/uploads\/usu618\/2017\/01\/DSC_0899-300x199.jpg\" alt=\"dsc_0899\" width=\"300\" height=\"199\" srcset=\"https:\/\/agora.xtec.cat\/iesdelvoltreganes\/wp-content\/uploads\/usu618\/2017\/01\/DSC_0899-300x199.jpg 300w, https:\/\/agora.xtec.cat\/iesdelvoltreganes\/wp-content\/uploads\/usu618\/2017\/01\/DSC_0899-768x511.jpg 768w, https:\/\/agora.xtec.cat\/iesdelvoltreganes\/wp-content\/uploads\/usu618\/2017\/01\/DSC_0899-1024x681.jpg 1024w, https:\/\/agora.xtec.cat\/iesdelvoltreganes\/wp-content\/uploads\/usu618\/2017\/01\/DSC_0899.jpg 1504w\" sizes=\"auto, (max-width: 300px) 100vw, 300px\" \/><\/a><\/p>\n","protected":false},"excerpt":{"rendered":"<p>Aquesta setmana \u00e9s diferent. Tenim alumnes de 3r i 4t d&#8217;ESO i de 1r de batxillerat a Anglaterra estudiant i practicant angl\u00e8s. Aquest dimecres els alumnes de 2n d&#8217;ESO van a esquiar a Masella. Els alumnes d&#8217;ESO que es queden fan activitats diferents. Hem dividit&hellip;  <a href=\"https:\/\/agora.xtec.cat\/iesdelvoltreganes\/general\/setmana-competencial\/\" title=\"Read Setmana competencial\">Llegeix m\u00e9s\u00bb<\/a><\/p>\n","protected":false},"author":6,"featured_media":1955,"comment_status":"open","ping_status":"open","sticky":false,"template":"","format":"standard","meta":{"_bbp_topic_count":0,"_bbp_reply_count":0,"_bbp_total_topic_count":0,"_bbp_total_reply_count":0,"_bbp_voice_count":0,"_bbp_anonymous_reply_count":0,"_bbp_topic_count_hidden":0,"_bbp_reply_count_hidden":0,"_bbp_forum_subforum_count":0,"footnotes":""},"categories":[1,29],"tags":[],"class_list":["post-1948","post","type-post","status-publish","format-standard","has-post-thumbnail","hentry","category-general","category-portada"],"post_mailing_queue_ids":[],"_links":{"self":[{"href":"https:\/\/agora.xtec.cat\/iesdelvoltreganes\/wp-json\/wp\/v2\/posts\/1948","targetHints":{"allow":["GET"]}}],"collection":[{"href":"https:\/\/agora.xtec.cat\/iesdelvoltreganes\/wp-json\/wp\/v2\/posts"}],"about":[{"href":"https:\/\/agora.xtec.cat\/iesdelvoltreganes\/wp-json\/wp\/v2\/types\/post"}],"author":[{"embeddable":true,"href":"https:\/\/agora.xtec.cat\/iesdelvoltreganes\/wp-json\/wp\/v2\/users\/6"}],"replies":[{"embeddable":true,"href":"https:\/\/agora.xtec.cat\/iesdelvoltreganes\/wp-json\/wp\/v2\/comments?post=1948"}],"version-history":[{"count":3,"href":"https:\/\/agora.xtec.cat\/iesdelvoltreganes\/wp-json\/wp\/v2\/posts\/1948\/revisions"}],"predecessor-version":[{"id":1968,"href":"https:\/\/agora.xtec.cat\/iesdelvoltreganes\/wp-json\/wp\/v2\/posts\/1948\/revisions\/1968"}],"wp:featuredmedia":[{"embeddable":true,"href":"https:\/\/agora.xtec.cat\/iesdelvoltreganes\/wp-json\/wp\/v2\/media\/1955"}],"wp:attachment":[{"href":"https:\/\/agora.xtec.cat\/iesdelvoltreganes\/wp-json\/wp\/v2\/media?parent=1948"}],"wp:term":[{"taxonomy":"category","embeddable":true,"href":"https:\/\/agora.xtec.cat\/iesdelvoltreganes\/wp-json\/wp\/v2\/categories?post=1948"},{"taxonomy":"post_tag","embeddable":true,"href":"https:\/\/agora.xtec.cat\/iesdelvoltreganes\/wp-json\/wp\/v2\/tags?post=1948"}],"curies":[{"name":"wp","href":"https:\/\/api.w.org\/{rel}","templated":true}]}}