{"id":1919,"date":"2017-01-22T10:45:21","date_gmt":"2017-01-22T09:45:21","guid":{"rendered":"http:\/\/agora.xtec.cat\/iesdelvoltreganes\/?p=1919"},"modified":"2017-01-22T10:58:26","modified_gmt":"2017-01-22T09:58:26","slug":"lliga-de-debats-2","status":"publish","type":"post","link":"https:\/\/agora.xtec.cat\/iesdelvoltreganes\/general\/lliga-de-debats-2\/","title":{"rendered":"Lliga de debats"},"content":{"rendered":"<p>Aquest dijous 19 de gener, un grup d&#8217;alumnes de primer de batxillerat han participat, a la lliga de debats organitzada per la Xarxa Vives, que s&#8217;ha realitzat a la Universitat de Vic.<\/p>\n<p>Juntament amb la Universitat de Vic hi participen una vintena d&#8217;universitats de Catalunya i el Pa\u00eds Valenci\u00e0.<\/p>\n<p>La Clara Anfruns, la Maria Rif\u00e0, l&#8217;Alba Golet, la N\u00faria Vilar\u00f3, en Pol Baraza i l&#8217;Arnau Roquet han realitzat una competici\u00f3 \u00a0excel.lent en qu\u00e8 han superat els equips inicials i han arribat a la semifinal en un debat ajustad\u00edssim.<\/p>\n<p>Felicitats!!!!<\/p>\n<div dir=\"auto\">\n<div dir=\"auto\"><a href=\"http:\/\/agora.xtec.cat\/iesdelvoltreganes\/wp-content\/uploads\/usu618\/2017\/01\/IMG-20170119-WA0004.jpg\"><img loading=\"lazy\" decoding=\"async\" class=\"alignnone wp-image-1924 size-thumbnail\" src=\"http:\/\/agora.xtec.cat\/iesdelvoltreganes\/wp-content\/uploads\/usu618\/2017\/01\/IMG-20170119-WA0004-150x150.jpg\" alt=\"img-20170119-wa0004\" width=\"150\" height=\"150\" \/><\/a><a href=\"http:\/\/agora.xtec.cat\/iesdelvoltreganes\/wp-content\/uploads\/usu618\/2017\/01\/IMG-20170119-WA0005.jpg\"><img loading=\"lazy\" decoding=\"async\" class=\"alignnone size-thumbnail wp-image-1929\" src=\"http:\/\/agora.xtec.cat\/iesdelvoltreganes\/wp-content\/uploads\/usu618\/2017\/01\/IMG-20170119-WA0005-150x150.jpg\" alt=\"img-20170119-wa0005\" width=\"150\" height=\"150\" \/><\/a><a href=\"http:\/\/agora.xtec.cat\/iesdelvoltreganes\/wp-content\/uploads\/usu618\/2017\/01\/20170119_095815.jpg\"><img loading=\"lazy\" decoding=\"async\" class=\"alignnone size-thumbnail wp-image-1923\" src=\"http:\/\/agora.xtec.cat\/iesdelvoltreganes\/wp-content\/uploads\/usu618\/2017\/01\/20170119_095815-150x150.jpg\" alt=\"20170119_095815\" width=\"150\" height=\"150\" \/><\/a><a href=\"http:\/\/agora.xtec.cat\/iesdelvoltreganes\/wp-content\/uploads\/usu618\/2017\/01\/20170119_092819.jpg\"><img loading=\"lazy\" decoding=\"async\" class=\"alignnone wp-image-1922 size-thumbnail\" src=\"http:\/\/agora.xtec.cat\/iesdelvoltreganes\/wp-content\/uploads\/usu618\/2017\/01\/20170119_092819-150x150.jpg\" alt=\"20170119_092819\" width=\"150\" height=\"150\" \/><\/a><\/div>\n<\/div>\n","protected":false},"excerpt":{"rendered":"<p>Aquest dijous 19 de gener, un grup d&#8217;alumnes de primer de batxillerat han participat, a la lliga de debats organitzada per la Xarxa Vives, que s&#8217;ha realitzat a la Universitat de Vic.<br \/>\nJuntament amb la Universitat de Vic hi participen una vintena d&#8217;universitats de Catalunya i&hellip;  <a href=\"https:\/\/agora.xtec.cat\/iesdelvoltreganes\/general\/lliga-de-debats-2\/\" title=\"Read Lliga de debats\">Llegeix m\u00e9s\u00bb<\/a><\/p>\n","protected":false},"author":6,"featured_media":0,"comment_status":"open","ping_status":"open","sticky":false,"template":"","format":"standard","meta":{"_bbp_topic_count":0,"_bbp_reply_count":0,"_bbp_total_topic_count":0,"_bbp_total_reply_count":0,"_bbp_voice_count":0,"_bbp_anonymous_reply_count":0,"_bbp_topic_count_hidden":0,"_bbp_reply_count_hidden":0,"_bbp_forum_subforum_count":0,"footnotes":""},"categories":[8,68,1,29],"tags":[],"class_list":["post-1919","post","type-post","status-publish","format-standard","hentry","category-batxillerat","category-filosofia","category-general","category-portada"],"post_mailing_queue_ids":[],"_links":{"self":[{"href":"https:\/\/agora.xtec.cat\/iesdelvoltreganes\/wp-json\/wp\/v2\/posts\/1919","targetHints":{"allow":["GET"]}}],"collection":[{"href":"https:\/\/agora.xtec.cat\/iesdelvoltreganes\/wp-json\/wp\/v2\/posts"}],"about":[{"href":"https:\/\/agora.xtec.cat\/iesdelvoltreganes\/wp-json\/wp\/v2\/types\/post"}],"author":[{"embeddable":true,"href":"https:\/\/agora.xtec.cat\/iesdelvoltreganes\/wp-json\/wp\/v2\/users\/6"}],"replies":[{"embeddable":true,"href":"https:\/\/agora.xtec.cat\/iesdelvoltreganes\/wp-json\/wp\/v2\/comments?post=1919"}],"version-history":[{"count":3,"href":"https:\/\/agora.xtec.cat\/iesdelvoltreganes\/wp-json\/wp\/v2\/posts\/1919\/revisions"}],"predecessor-version":[{"id":1935,"href":"https:\/\/agora.xtec.cat\/iesdelvoltreganes\/wp-json\/wp\/v2\/posts\/1919\/revisions\/1935"}],"wp:attachment":[{"href":"https:\/\/agora.xtec.cat\/iesdelvoltreganes\/wp-json\/wp\/v2\/media?parent=1919"}],"wp:term":[{"taxonomy":"category","embeddable":true,"href":"https:\/\/agora.xtec.cat\/iesdelvoltreganes\/wp-json\/wp\/v2\/categories?post=1919"},{"taxonomy":"post_tag","embeddable":true,"href":"https:\/\/agora.xtec.cat\/iesdelvoltreganes\/wp-json\/wp\/v2\/tags?post=1919"}],"curies":[{"name":"wp","href":"https:\/\/api.w.org\/{rel}","templated":true}]}}