{"id":1835,"date":"2016-12-13T09:39:11","date_gmt":"2016-12-13T08:39:11","guid":{"rendered":"http:\/\/agora.xtec.cat\/iesdelvoltreganes\/?p=1835"},"modified":"2017-03-31T11:12:26","modified_gmt":"2017-03-31T09:12:26","slug":"acte-de-commemoracio-dels-drets-humans","status":"publish","type":"post","link":"https:\/\/agora.xtec.cat\/iesdelvoltreganes\/general\/acte-de-commemoracio-dels-drets-humans\/","title":{"rendered":"Acte de commemoraci\u00f3 dels Drets Humans"},"content":{"rendered":"<p>La Declaraci\u00f3 Universal dels Drets Humans aprovada i proclamada el 10 de desembre de 1948 inclou un Pre\u00e0mbul i 30 Articles. Els alumnes d&#8217;ESO i batxillerat l&#8217;han treballat des de l&#8217;\u00e0rea de Ci\u00e8ncies Socials. A cada grup, des de 1r d&#8217;ESO fins a 2n de batxillerat se li ha assignat un dret concret i els alumnes han fet la seva interpretaci\u00f3 elaborant un v\u00eddeo. El passat 7 de desembre tot l&#8217;alumnat de l&#8217;Institut del Voltregan\u00e8s ha pogut visualitzar els \u00a0treballs realitzats pels seus companys.<\/p>\n<p>Articles de la Declaraci\u00f3 Universal dels Drets Humans<\/p>\n<p>V\u00eddeos:<\/p>\n<p>Article 18 1r  batxillerat A<\/p>\n<p>Article 19 1r batxillerat B<\/p>\n<p>Article 24 2n batxillerat A<\/p>\n<p>Article 25 2n batxillerat B<\/p>\n<p>Article 27 4t ESO A<\/p>\n<p>Article 28 4t ESO B<\/p>\n","protected":false},"excerpt":{"rendered":"<p>La Declaraci\u00f3 Universal dels Drets Humans aprovada i proclamada el 10 de desembre de 1948 inclou un Pre\u00e0mbul i 30 Articles. Els alumnes d&#8217;ESO i batxillerat l&#8217;han treballat des de l&#8217;\u00e0rea de Ci\u00e8ncies Socials. A cada grup, des de 1r d&#8217;ESO fins a 2n de&hellip;  <a href=\"https:\/\/agora.xtec.cat\/iesdelvoltreganes\/general\/acte-de-commemoracio-dels-drets-humans\/\" title=\"Read Acte de commemoraci\u00f3 dels Drets Humans\">Llegeix m\u00e9s\u00bb<\/a><\/p>\n","protected":false},"author":6,"featured_media":0,"comment_status":"open","ping_status":"open","sticky":false,"template":"","format":"standard","meta":{"_bbp_topic_count":0,"_bbp_reply_count":0,"_bbp_total_topic_count":0,"_bbp_total_reply_count":0,"_bbp_voice_count":0,"_bbp_anonymous_reply_count":0,"_bbp_topic_count_hidden":0,"_bbp_reply_count_hidden":0,"_bbp_forum_subforum_count":0,"footnotes":""},"categories":[66,1,29],"tags":[84],"class_list":["post-1835","post","type-post","status-publish","format-standard","hentry","category-ciencies-socials","category-general","category-portada","tag-activitats"],"post_mailing_queue_ids":[],"_links":{"self":[{"href":"https:\/\/agora.xtec.cat\/iesdelvoltreganes\/wp-json\/wp\/v2\/posts\/1835","targetHints":{"allow":["GET"]}}],"collection":[{"href":"https:\/\/agora.xtec.cat\/iesdelvoltreganes\/wp-json\/wp\/v2\/posts"}],"about":[{"href":"https:\/\/agora.xtec.cat\/iesdelvoltreganes\/wp-json\/wp\/v2\/types\/post"}],"author":[{"embeddable":true,"href":"https:\/\/agora.xtec.cat\/iesdelvoltreganes\/wp-json\/wp\/v2\/users\/6"}],"replies":[{"embeddable":true,"href":"https:\/\/agora.xtec.cat\/iesdelvoltreganes\/wp-json\/wp\/v2\/comments?post=1835"}],"version-history":[{"count":3,"href":"https:\/\/agora.xtec.cat\/iesdelvoltreganes\/wp-json\/wp\/v2\/posts\/1835\/revisions"}],"predecessor-version":[{"id":2130,"href":"https:\/\/agora.xtec.cat\/iesdelvoltreganes\/wp-json\/wp\/v2\/posts\/1835\/revisions\/2130"}],"wp:attachment":[{"href":"https:\/\/agora.xtec.cat\/iesdelvoltreganes\/wp-json\/wp\/v2\/media?parent=1835"}],"wp:term":[{"taxonomy":"category","embeddable":true,"href":"https:\/\/agora.xtec.cat\/iesdelvoltreganes\/wp-json\/wp\/v2\/categories?post=1835"},{"taxonomy":"post_tag","embeddable":true,"href":"https:\/\/agora.xtec.cat\/iesdelvoltreganes\/wp-json\/wp\/v2\/tags?post=1835"}],"curies":[{"name":"wp","href":"https:\/\/api.w.org\/{rel}","templated":true}]}}