{"id":1829,"date":"2016-12-13T14:14:50","date_gmt":"2016-12-13T13:14:50","guid":{"rendered":"http:\/\/agora.xtec.cat\/iesdelvoltreganes\/?p=1829"},"modified":"2017-03-31T10:58:57","modified_gmt":"2017-03-31T08:58:57","slug":"desfibrilador","status":"publish","type":"post","link":"https:\/\/agora.xtec.cat\/iesdelvoltreganes\/general\/desfibrilador\/","title":{"rendered":"Taller DEA: desfibril\u00b7lador"},"content":{"rendered":"<p>Recentment s\u2019han instal\u00b7lat a les zones esportives de Sant Hip\u00f2lit de Voltreg\u00e0 (pavell\u00f3 i camp de futbol) dos desfibril\u00b7ladors externs que juntament amb els dos desfibril\u00b7ladors instal\u00b7lats durant l\u2019any 2015 a les Masies de Voltreg\u00e0 (pavell\u00f3 de Vinyoles i piscina municipal) donen cobertura a tota la poblaci\u00f3 del Voltregan\u00e8s, cosa que els fa municipis cardio-protegits.<\/p>\n<p>Per aquest motiu, des dels ajuntaments de Les Masies de Voltreg\u00e0 i de Sant Hip\u00f2lit s&#8217;ha proposat a l&#8217;Institut del Voltregan\u00e8s una formaci\u00f3 (Taller DEA) per als alumnes de 2n de batxillerat.<\/p>\n<p><a href=\"https:\/\/goo.gl\/photos\/m9tF4cA2FRf9ZvnN9\"><img loading=\"lazy\" decoding=\"async\" class=\"alignnone wp-image-1830 size-full\" src=\"http:\/\/agora.xtec.cat\/iesdelvoltreganes\/wp-content\/uploads\/usu618\/2016\/12\/DSC_0279.jpg\" alt=\"dsc_0279\" width=\"1504\" height=\"1000\" srcset=\"https:\/\/agora.xtec.cat\/iesdelvoltreganes\/wp-content\/uploads\/usu618\/2016\/12\/DSC_0279.jpg 1504w, https:\/\/agora.xtec.cat\/iesdelvoltreganes\/wp-content\/uploads\/usu618\/2016\/12\/DSC_0279-300x199.jpg 300w, https:\/\/agora.xtec.cat\/iesdelvoltreganes\/wp-content\/uploads\/usu618\/2016\/12\/DSC_0279-768x511.jpg 768w, https:\/\/agora.xtec.cat\/iesdelvoltreganes\/wp-content\/uploads\/usu618\/2016\/12\/DSC_0279-1024x681.jpg 1024w\" sizes=\"auto, (max-width: 1504px) 100vw, 1504px\" \/><\/a><\/p>\n","protected":false},"excerpt":{"rendered":"<p>Recentment s\u2019han instal\u00b7lat a les zones esportives de Sant Hip\u00f2lit de Voltreg\u00e0 (pavell\u00f3 i camp de futbol) dos desfibril\u00b7ladors externs que juntament amb els dos desfibril\u00b7ladors instal\u00b7lats durant l\u2019any 2015 a les Masies de Voltreg\u00e0 (pavell\u00f3 de Vinyoles i piscina municipal) donen cobertura a tota&hellip;  <a href=\"https:\/\/agora.xtec.cat\/iesdelvoltreganes\/general\/desfibrilador\/\" title=\"Read Taller DEA: desfibril\u00b7lador\">Llegeix m\u00e9s\u00bb<\/a><\/p>\n","protected":false},"author":6,"featured_media":1830,"comment_status":"open","ping_status":"open","sticky":false,"template":"","format":"standard","meta":{"_bbp_topic_count":0,"_bbp_reply_count":0,"_bbp_total_topic_count":0,"_bbp_total_reply_count":0,"_bbp_voice_count":0,"_bbp_anonymous_reply_count":0,"_bbp_topic_count_hidden":0,"_bbp_reply_count_hidden":0,"_bbp_forum_subforum_count":0,"footnotes":""},"categories":[8,1,29],"tags":[58],"class_list":["post-1829","post","type-post","status-publish","format-standard","has-post-thumbnail","hentry","category-batxillerat","category-general","category-portada","tag-tallers"],"post_mailing_queue_ids":[],"_links":{"self":[{"href":"https:\/\/agora.xtec.cat\/iesdelvoltreganes\/wp-json\/wp\/v2\/posts\/1829","targetHints":{"allow":["GET"]}}],"collection":[{"href":"https:\/\/agora.xtec.cat\/iesdelvoltreganes\/wp-json\/wp\/v2\/posts"}],"about":[{"href":"https:\/\/agora.xtec.cat\/iesdelvoltreganes\/wp-json\/wp\/v2\/types\/post"}],"author":[{"embeddable":true,"href":"https:\/\/agora.xtec.cat\/iesdelvoltreganes\/wp-json\/wp\/v2\/users\/6"}],"replies":[{"embeddable":true,"href":"https:\/\/agora.xtec.cat\/iesdelvoltreganes\/wp-json\/wp\/v2\/comments?post=1829"}],"version-history":[{"count":3,"href":"https:\/\/agora.xtec.cat\/iesdelvoltreganes\/wp-json\/wp\/v2\/posts\/1829\/revisions"}],"predecessor-version":[{"id":2117,"href":"https:\/\/agora.xtec.cat\/iesdelvoltreganes\/wp-json\/wp\/v2\/posts\/1829\/revisions\/2117"}],"wp:featuredmedia":[{"embeddable":true,"href":"https:\/\/agora.xtec.cat\/iesdelvoltreganes\/wp-json\/wp\/v2\/media\/1830"}],"wp:attachment":[{"href":"https:\/\/agora.xtec.cat\/iesdelvoltreganes\/wp-json\/wp\/v2\/media?parent=1829"}],"wp:term":[{"taxonomy":"category","embeddable":true,"href":"https:\/\/agora.xtec.cat\/iesdelvoltreganes\/wp-json\/wp\/v2\/categories?post=1829"},{"taxonomy":"post_tag","embeddable":true,"href":"https:\/\/agora.xtec.cat\/iesdelvoltreganes\/wp-json\/wp\/v2\/tags?post=1829"}],"curies":[{"name":"wp","href":"https:\/\/api.w.org\/{rel}","templated":true}]}}