{"id":1808,"date":"2016-12-11T22:44:19","date_gmt":"2016-12-11T21:44:19","guid":{"rendered":"http:\/\/agora.xtec.cat\/iesdelvoltreganes\/?p=1808"},"modified":"2016-12-11T22:48:21","modified_gmt":"2016-12-11T21:48:21","slug":"pel%c2%b7licula-3d-sobre-lenergia","status":"publish","type":"post","link":"https:\/\/agora.xtec.cat\/iesdelvoltreganes\/general\/pel%c2%b7licula-3d-sobre-lenergia\/","title":{"rendered":"Pel\u00b7l\u00edcula 3D sobre l&#8217;energia"},"content":{"rendered":"<p><a href=\"http:\/\/agora.xtec.cat\/iesdelvoltreganes\/wp-content\/uploads\/usu618\/2016\/12\/IMG_2536.jpg\"><img loading=\"lazy\" decoding=\"async\" class=\"alignnone size-thumbnail wp-image-1809\" src=\"http:\/\/agora.xtec.cat\/iesdelvoltreganes\/wp-content\/uploads\/usu618\/2016\/12\/IMG_2536-150x150.jpg\" alt=\"img_2536\" width=\"150\" height=\"150\" \/><\/a><\/p>\n<div class=\"gmail_default\">Sortida amb els alumnes de 2n d&#8217;ESO als cinemes el Sucre de Vic per veure una pel\u00b7l\u00edcula 3D pedag\u00f2gica sobre l&#8217;energia i com estalviar-la. Ens ha agradat molt l&#8217;experi\u00e8ncia.<\/div>\n<div class=\"gmail_default\"><\/div>\n<div class=\"gmail_default\"><span style=\"font-family: tahoma,sans-serif;\">Clicant a l&#8217;enlla\u00e7<a href=\"http:\/\/www.energia3d.es\/\" target=\"_blank\" data-saferedirecturl=\"https:\/\/www.google.com\/url?hl=ca&amp;q=http:\/\/www.energia3d.es\/&amp;source=gmail&amp;ust=1481578667771000&amp;usg=AFQjCNHxy00Cd3xTiUbWV2OuTGQxN5ca4A\"> http:\/\/www.energia3d.es\/<\/a> es pot veure el tr\u00e0iler\u00a0de la\u00a0pel\u00b7l\u00edcula.<\/span><\/div>\n<div class=\"gmail_default\"><\/div>\n","protected":false},"excerpt":{"rendered":"<p><a href=\"http:\/\/agora.xtec.cat\/iesdelvoltreganes\/wp-content\/uploads\/usu618\/2016\/12\/IMG_2536.jpg\"><\/a><br \/>\nSortida amb els alumnes de 2n d&#8217;ESO als cinemes el Sucre de Vic per veure una pel\u00b7l\u00edcula 3D pedag\u00f2gica sobre l&#8217;energia i com estalviar-la. Ens ha agradat molt l&#8217;experi\u00e8ncia.<\/p>\n<p>Clicant a l&#8217;enlla\u00e7<a href=\"http:\/\/www.energia3d.es\/\" target=\"_blank\" data-saferedirecturl=\"https:\/\/www.google.com\/url?hl=ca&amp;q=http:\/\/www.energia3d.es\/&amp;source=gmail&amp;ust=1481578667771000&amp;usg=AFQjCNHxy00Cd3xTiUbWV2OuTGQxN5ca4A\"> http:\/\/www.energia3d.es\/<\/a> es pot veure el tr\u00e0iler\u00a0de la\u00a0pel\u00b7l\u00edcula.<\/p>\n","protected":false},"author":6,"featured_media":1809,"comment_status":"open","ping_status":"open","sticky":false,"template":"","format":"standard","meta":{"_bbp_topic_count":0,"_bbp_reply_count":0,"_bbp_total_topic_count":0,"_bbp_total_reply_count":0,"_bbp_voice_count":0,"_bbp_anonymous_reply_count":0,"_bbp_topic_count_hidden":0,"_bbp_reply_count_hidden":0,"_bbp_forum_subforum_count":0,"footnotes":""},"categories":[5,1,64],"tags":[39],"class_list":["post-1808","post","type-post","status-publish","format-standard","has-post-thumbnail","hentry","category-eso-2","category-general","category-tecnologia","tag-sortides"],"post_mailing_queue_ids":[],"_links":{"self":[{"href":"https:\/\/agora.xtec.cat\/iesdelvoltreganes\/wp-json\/wp\/v2\/posts\/1808","targetHints":{"allow":["GET"]}}],"collection":[{"href":"https:\/\/agora.xtec.cat\/iesdelvoltreganes\/wp-json\/wp\/v2\/posts"}],"about":[{"href":"https:\/\/agora.xtec.cat\/iesdelvoltreganes\/wp-json\/wp\/v2\/types\/post"}],"author":[{"embeddable":true,"href":"https:\/\/agora.xtec.cat\/iesdelvoltreganes\/wp-json\/wp\/v2\/users\/6"}],"replies":[{"embeddable":true,"href":"https:\/\/agora.xtec.cat\/iesdelvoltreganes\/wp-json\/wp\/v2\/comments?post=1808"}],"version-history":[{"count":3,"href":"https:\/\/agora.xtec.cat\/iesdelvoltreganes\/wp-json\/wp\/v2\/posts\/1808\/revisions"}],"predecessor-version":[{"id":1828,"href":"https:\/\/agora.xtec.cat\/iesdelvoltreganes\/wp-json\/wp\/v2\/posts\/1808\/revisions\/1828"}],"wp:featuredmedia":[{"embeddable":true,"href":"https:\/\/agora.xtec.cat\/iesdelvoltreganes\/wp-json\/wp\/v2\/media\/1809"}],"wp:attachment":[{"href":"https:\/\/agora.xtec.cat\/iesdelvoltreganes\/wp-json\/wp\/v2\/media?parent=1808"}],"wp:term":[{"taxonomy":"category","embeddable":true,"href":"https:\/\/agora.xtec.cat\/iesdelvoltreganes\/wp-json\/wp\/v2\/categories?post=1808"},{"taxonomy":"post_tag","embeddable":true,"href":"https:\/\/agora.xtec.cat\/iesdelvoltreganes\/wp-json\/wp\/v2\/tags?post=1808"}],"curies":[{"name":"wp","href":"https:\/\/api.w.org\/{rel}","templated":true}]}}