{"id":1789,"date":"2016-11-23T16:41:28","date_gmt":"2016-11-23T15:41:28","guid":{"rendered":"http:\/\/agora.xtec.cat\/iesdelvoltreganes\/?p=1789"},"modified":"2016-12-02T10:25:38","modified_gmt":"2016-12-02T09:25:38","slug":"presentacio-del-treball-vora-ter-al-museu-del-ter","status":"publish","type":"post","link":"https:\/\/agora.xtec.cat\/iesdelvoltreganes\/general\/presentacio-del-treball-vora-ter-al-museu-del-ter\/","title":{"rendered":"Presentaci\u00f3 del treball Vora Ter al Museu del Ter"},"content":{"rendered":"<p><a href=\"https:\/\/youtu.be\/wAD_CRQjNXU\">https:\/\/youtu.be\/wAD_CRQjNXU<\/a><\/p>\n<p><a href=\"http:\/\/agora.xtec.cat\/iesdelvoltreganes\/wp-content\/uploads\/usu618\/2016\/11\/IMG_20161111_100607.jpg\"><img loading=\"lazy\" decoding=\"async\" class=\"alignnone wp-image-1790 size-medium\" src=\"http:\/\/agora.xtec.cat\/iesdelvoltreganes\/wp-content\/uploads\/usu618\/2016\/11\/IMG_20161111_100607-300x225.jpg\" alt=\"img_20161111_100607\" width=\"300\" height=\"225\" srcset=\"https:\/\/agora.xtec.cat\/iesdelvoltreganes\/wp-content\/uploads\/usu618\/2016\/11\/IMG_20161111_100607-300x225.jpg 300w, https:\/\/agora.xtec.cat\/iesdelvoltreganes\/wp-content\/uploads\/usu618\/2016\/11\/IMG_20161111_100607-768x576.jpg 768w, https:\/\/agora.xtec.cat\/iesdelvoltreganes\/wp-content\/uploads\/usu618\/2016\/11\/IMG_20161111_100607-1024x768.jpg 1024w, https:\/\/agora.xtec.cat\/iesdelvoltreganes\/wp-content\/uploads\/usu618\/2016\/11\/IMG_20161111_100607-200x150.jpg 200w, https:\/\/agora.xtec.cat\/iesdelvoltreganes\/wp-content\/uploads\/usu618\/2016\/11\/IMG_20161111_100607.jpg 1040w\" sizes=\"auto, (max-width: 300px) 100vw, 300px\" \/><\/a> <a href=\"http:\/\/agora.xtec.cat\/iesdelvoltreganes\/wp-content\/uploads\/usu618\/2016\/11\/IMG_20161111_110947.jpg\"><img loading=\"lazy\" decoding=\"async\" class=\"alignnone wp-image-1791 size-medium\" src=\"http:\/\/agora.xtec.cat\/iesdelvoltreganes\/wp-content\/uploads\/usu618\/2016\/11\/IMG_20161111_110947-300x225.jpg\" alt=\"img_20161111_110947\" width=\"300\" height=\"225\" srcset=\"https:\/\/agora.xtec.cat\/iesdelvoltreganes\/wp-content\/uploads\/usu618\/2016\/11\/IMG_20161111_110947-300x225.jpg 300w, https:\/\/agora.xtec.cat\/iesdelvoltreganes\/wp-content\/uploads\/usu618\/2016\/11\/IMG_20161111_110947-768x576.jpg 768w, https:\/\/agora.xtec.cat\/iesdelvoltreganes\/wp-content\/uploads\/usu618\/2016\/11\/IMG_20161111_110947-1024x768.jpg 1024w, https:\/\/agora.xtec.cat\/iesdelvoltreganes\/wp-content\/uploads\/usu618\/2016\/11\/IMG_20161111_110947-200x150.jpg 200w, https:\/\/agora.xtec.cat\/iesdelvoltreganes\/wp-content\/uploads\/usu618\/2016\/11\/IMG_20161111_110947.jpg 1040w\" sizes=\"auto, (max-width: 300px) 100vw, 300px\" \/><\/a> <a href=\"http:\/\/agora.xtec.cat\/iesdelvoltreganes\/wp-content\/uploads\/usu618\/2016\/11\/IMG_20161111_131402.jpg\"><img loading=\"lazy\" decoding=\"async\" class=\"alignnone wp-image-1793 size-medium\" src=\"http:\/\/agora.xtec.cat\/iesdelvoltreganes\/wp-content\/uploads\/usu618\/2016\/11\/IMG_20161111_131402-225x300.jpg\" alt=\"img_20161111_131402\" width=\"225\" height=\"300\" srcset=\"https:\/\/agora.xtec.cat\/iesdelvoltreganes\/wp-content\/uploads\/usu618\/2016\/11\/IMG_20161111_131402-225x300.jpg 225w, https:\/\/agora.xtec.cat\/iesdelvoltreganes\/wp-content\/uploads\/usu618\/2016\/11\/IMG_20161111_131402-768x1024.jpg 768w, https:\/\/agora.xtec.cat\/iesdelvoltreganes\/wp-content\/uploads\/usu618\/2016\/11\/IMG_20161111_131402.jpg 780w\" sizes=\"auto, (max-width: 225px) 100vw, 225px\" \/><\/a><\/p>\n<p><span style=\"font-weight: 400;\">ELS INDICADORS DE LA QUALITAT DE L\u2019AIGUA AL RIU TER<\/span><\/p>\n<p><span style=\"font-weight: 400;\">Els alumnes de l\u2019optativa de Coneixement de l\u2019Entorn de 2n d\u2019ESO van anar a presentar els treballs que havien fet al voltant del riu al Museu del Ter, juntament amb altres instituts p\u00fablics de la comarca.<\/span><\/p>\n<p><span style=\"font-weight: 400;\">Van presentar un v\u00eddeo i una presentaci\u00f3 digital amb el t\u00edtol \u201cRecerca d\u2019indicadors de la qualitat de l\u2019aigua\u201d, davant un p\u00fablic de m\u00e9s de 150 persones, format per alumnes i professors dels instituts participants, representants del Departament d\u2019Ensenyament, i els alcaldes dels diferents municipis implicats (Les Masies de Voltreg\u00e0, Manlleu, Torell\u00f3 i Roda de Ter).<\/span><\/p>\n<p><span style=\"font-weight: 400;\">La presentaci\u00f3 digital, feta pels alumnes de 2n d&#8217;ESO, i el v\u00eddeo, fet pels voluntaris ambientals, s\u00f3n el resultat d\u2019un projecte de recerca i seguiment de l\u2019estat del riu Ter que fem al nostre institut cada any, per tal de con\u00e8ixer, valorar i contribuir a la conservaci\u00f3 del nostre patrimoni natural i cultural.<\/span><\/p>\n<p><span style=\"font-weight: 400;\">Amb aquests treballs tamb\u00e9 participem en el projecte Vora Ter, en el qual els centres p\u00fablics de secund\u00e0ria propers al riu Ter compartim experi\u00e8ncies educatives sobre\u00a0els aspectes ambientals i culturals lligats al nostre riu, en el marc d\u2019un projecte intercentre, col\u00b7laboratiu i al servei de la comunitat.<\/span><\/p>\n","protected":false},"excerpt":{"rendered":"<p><a href=\"https:\/\/youtu.be\/wAD_CRQjNXU\">https:\/\/youtu.be\/wAD_CRQjNXU<\/a><br \/>\n<a href=\"http:\/\/agora.xtec.cat\/iesdelvoltreganes\/wp-content\/uploads\/usu618\/2016\/11\/IMG_20161111_100607.jpg\"><\/a> <a href=\"http:\/\/agora.xtec.cat\/iesdelvoltreganes\/wp-content\/uploads\/usu618\/2016\/11\/IMG_20161111_110947.jpg\"><\/a> <a href=\"http:\/\/agora.xtec.cat\/iesdelvoltreganes\/wp-content\/uploads\/usu618\/2016\/11\/IMG_20161111_131402.jpg\"><\/a><br \/>\nELS INDICADORS DE LA QUALITAT DE L\u2019AIGUA AL RIU TER<br \/>\nEls alumnes de l\u2019optativa de Coneixement de l\u2019Entorn de 2n d\u2019ESO van anar a presentar els treballs que havien fet al voltant del riu al Museu del Ter, juntament amb&hellip;  <a href=\"https:\/\/agora.xtec.cat\/iesdelvoltreganes\/general\/presentacio-del-treball-vora-ter-al-museu-del-ter\/\" title=\"Read Presentaci\u00f3 del treball Vora Ter al Museu del Ter\">Llegeix m\u00e9s\u00bb<\/a><\/p>\n","protected":false},"author":6,"featured_media":1790,"comment_status":"open","ping_status":"open","sticky":false,"template":"","format":"standard","meta":{"_bbp_topic_count":0,"_bbp_reply_count":0,"_bbp_total_topic_count":0,"_bbp_total_reply_count":0,"_bbp_voice_count":0,"_bbp_anonymous_reply_count":0,"_bbp_topic_count_hidden":0,"_bbp_reply_count_hidden":0,"_bbp_forum_subforum_count":0,"footnotes":""},"categories":[65,5,1,29],"tags":[56],"class_list":["post-1789","post","type-post","status-publish","format-standard","has-post-thumbnail","hentry","category-ciencies-experimentals","category-eso-2","category-general","category-portada","tag-escola-verda"],"post_mailing_queue_ids":[],"_links":{"self":[{"href":"https:\/\/agora.xtec.cat\/iesdelvoltreganes\/wp-json\/wp\/v2\/posts\/1789","targetHints":{"allow":["GET"]}}],"collection":[{"href":"https:\/\/agora.xtec.cat\/iesdelvoltreganes\/wp-json\/wp\/v2\/posts"}],"about":[{"href":"https:\/\/agora.xtec.cat\/iesdelvoltreganes\/wp-json\/wp\/v2\/types\/post"}],"author":[{"embeddable":true,"href":"https:\/\/agora.xtec.cat\/iesdelvoltreganes\/wp-json\/wp\/v2\/users\/6"}],"replies":[{"embeddable":true,"href":"https:\/\/agora.xtec.cat\/iesdelvoltreganes\/wp-json\/wp\/v2\/comments?post=1789"}],"version-history":[{"count":4,"href":"https:\/\/agora.xtec.cat\/iesdelvoltreganes\/wp-json\/wp\/v2\/posts\/1789\/revisions"}],"predecessor-version":[{"id":1815,"href":"https:\/\/agora.xtec.cat\/iesdelvoltreganes\/wp-json\/wp\/v2\/posts\/1789\/revisions\/1815"}],"wp:featuredmedia":[{"embeddable":true,"href":"https:\/\/agora.xtec.cat\/iesdelvoltreganes\/wp-json\/wp\/v2\/media\/1790"}],"wp:attachment":[{"href":"https:\/\/agora.xtec.cat\/iesdelvoltreganes\/wp-json\/wp\/v2\/media?parent=1789"}],"wp:term":[{"taxonomy":"category","embeddable":true,"href":"https:\/\/agora.xtec.cat\/iesdelvoltreganes\/wp-json\/wp\/v2\/categories?post=1789"},{"taxonomy":"post_tag","embeddable":true,"href":"https:\/\/agora.xtec.cat\/iesdelvoltreganes\/wp-json\/wp\/v2\/tags?post=1789"}],"curies":[{"name":"wp","href":"https:\/\/api.w.org\/{rel}","templated":true}]}}