{"id":1768,"date":"2016-11-21T11:55:05","date_gmt":"2016-11-21T10:55:05","guid":{"rendered":"http:\/\/agora.xtec.cat\/iesdelvoltreganes\/?p=1768"},"modified":"2017-03-31T11:01:14","modified_gmt":"2017-03-31T09:01:14","slug":"el-born","status":"publish","type":"post","link":"https:\/\/agora.xtec.cat\/iesdelvoltreganes\/general\/el-born\/","title":{"rendered":"Visitem el Born"},"content":{"rendered":"<div><a href=\"https:\/\/goo.gl\/photos\/icT1MBhCeUnE8bgM7\"><img loading=\"lazy\" decoding=\"async\" class=\"alignnone wp-image-1774 size-medium\" src=\"http:\/\/agora.xtec.cat\/iesdelvoltreganes\/wp-content\/uploads\/usu618\/2016\/11\/bo-300x225.jpg\" alt=\"bo\" width=\"300\" height=\"225\" srcset=\"https:\/\/agora.xtec.cat\/iesdelvoltreganes\/wp-content\/uploads\/usu618\/2016\/11\/bo-300x225.jpg 300w, https:\/\/agora.xtec.cat\/iesdelvoltreganes\/wp-content\/uploads\/usu618\/2016\/11\/bo-768x576.jpg 768w, https:\/\/agora.xtec.cat\/iesdelvoltreganes\/wp-content\/uploads\/usu618\/2016\/11\/bo-200x150.jpg 200w, https:\/\/agora.xtec.cat\/iesdelvoltreganes\/wp-content\/uploads\/usu618\/2016\/11\/bo.jpg 816w\" sizes=\"auto, (max-width: 300px) 100vw, 300px\" \/><\/a><\/div>\n<p>Alumnes de 1r i 2n del Batxillerat Human\u00edstic- Ci\u00e8ncies Socials hem visitat el Born, centre cultural ubicat a l&#8217;antic Mercat del Born.<br \/>\nEns hem apropat a la hist\u00f2ria i a la vida de la Barcelona del 1700 des del punt de vista social, econ\u00f2mic i urb\u00e0. Hem pogut rec\u00f3rrer els principals carrers del jaciment i con\u00e8ixer els principals negocis dels habitants i reflexionar sobre les conseq\u00fc\u00e8ncies de l&#8217;enderroc d&#8217; una part del Barri de la Ribera per construir la Ciutadella de Barcelona.<\/p>\n<p>A l&#8217; exposici\u00f3,\u00a0<i>Barcelona 1700. De les pedres a les persones, <\/i>hem conegut la realitat del moment des dels \u00e0mbits de la casa, la ciutat propera, la vida quotidiana, la ciutat atacada i mutilada i la ciutat refeta.<\/p>\n<p>Per contextualitzar el que hav\u00edem apr\u00e8s hem passejat pels carrers propers a Santa Maria del Mar.<\/p>\n","protected":false},"excerpt":{"rendered":"<p><a href=\"https:\/\/goo.gl\/photos\/icT1MBhCeUnE8bgM7\"><\/a><br \/>\nAlumnes de 1r i 2n del Batxillerat Human\u00edstic- Ci\u00e8ncies Socials hem visitat el Born, centre cultural ubicat a l&#8217;antic Mercat del Born.<br \/>\nEns hem apropat a la hist\u00f2ria i a la vida de la Barcelona del 1700 des del punt de vista social, econ\u00f2mic i&hellip;  <a href=\"https:\/\/agora.xtec.cat\/iesdelvoltreganes\/general\/el-born\/\" title=\"Read Visitem el Born\">Llegeix m\u00e9s\u00bb<\/a><\/p>\n","protected":false},"author":6,"featured_media":0,"comment_status":"open","ping_status":"open","sticky":false,"template":"","format":"standard","meta":{"_bbp_topic_count":0,"_bbp_reply_count":0,"_bbp_total_topic_count":0,"_bbp_total_reply_count":0,"_bbp_voice_count":0,"_bbp_anonymous_reply_count":0,"_bbp_topic_count_hidden":0,"_bbp_reply_count_hidden":0,"_bbp_forum_subforum_count":0,"footnotes":""},"categories":[66,1,29],"tags":[39],"class_list":["post-1768","post","type-post","status-publish","format-standard","hentry","category-ciencies-socials","category-general","category-portada","tag-sortides"],"post_mailing_queue_ids":[],"_links":{"self":[{"href":"https:\/\/agora.xtec.cat\/iesdelvoltreganes\/wp-json\/wp\/v2\/posts\/1768","targetHints":{"allow":["GET"]}}],"collection":[{"href":"https:\/\/agora.xtec.cat\/iesdelvoltreganes\/wp-json\/wp\/v2\/posts"}],"about":[{"href":"https:\/\/agora.xtec.cat\/iesdelvoltreganes\/wp-json\/wp\/v2\/types\/post"}],"author":[{"embeddable":true,"href":"https:\/\/agora.xtec.cat\/iesdelvoltreganes\/wp-json\/wp\/v2\/users\/6"}],"replies":[{"embeddable":true,"href":"https:\/\/agora.xtec.cat\/iesdelvoltreganes\/wp-json\/wp\/v2\/comments?post=1768"}],"version-history":[{"count":3,"href":"https:\/\/agora.xtec.cat\/iesdelvoltreganes\/wp-json\/wp\/v2\/posts\/1768\/revisions"}],"predecessor-version":[{"id":2121,"href":"https:\/\/agora.xtec.cat\/iesdelvoltreganes\/wp-json\/wp\/v2\/posts\/1768\/revisions\/2121"}],"wp:attachment":[{"href":"https:\/\/agora.xtec.cat\/iesdelvoltreganes\/wp-json\/wp\/v2\/media?parent=1768"}],"wp:term":[{"taxonomy":"category","embeddable":true,"href":"https:\/\/agora.xtec.cat\/iesdelvoltreganes\/wp-json\/wp\/v2\/categories?post=1768"},{"taxonomy":"post_tag","embeddable":true,"href":"https:\/\/agora.xtec.cat\/iesdelvoltreganes\/wp-json\/wp\/v2\/tags?post=1768"}],"curies":[{"name":"wp","href":"https:\/\/api.w.org\/{rel}","templated":true}]}}