{"id":1765,"date":"2016-11-21T11:49:49","date_gmt":"2016-11-21T10:49:49","guid":{"rendered":"http:\/\/agora.xtec.cat\/iesdelvoltreganes\/?p=1765"},"modified":"2017-03-31T11:02:01","modified_gmt":"2017-03-31T09:02:01","slug":"borgonya","status":"publish","type":"post","link":"https:\/\/agora.xtec.cat\/iesdelvoltreganes\/general\/borgonya\/","title":{"rendered":"Treballem la industrialitzaci\u00f3"},"content":{"rendered":"<p><a href=\"https:\/\/goo.gl\/photos\/8c3qV3K3w3cL4zbY6\"><img loading=\"lazy\" decoding=\"async\" class=\"alignnone wp-image-1766 size-medium\" src=\"http:\/\/agora.xtec.cat\/iesdelvoltreganes\/wp-content\/uploads\/usu618\/2016\/11\/IMG-20161114-WA0001-300x180.jpg\" alt=\"img-20161114-wa0001\" width=\"300\" height=\"180\" srcset=\"https:\/\/agora.xtec.cat\/iesdelvoltreganes\/wp-content\/uploads\/usu618\/2016\/11\/IMG-20161114-WA0001-300x180.jpg 300w, https:\/\/agora.xtec.cat\/iesdelvoltreganes\/wp-content\/uploads\/usu618\/2016\/11\/IMG-20161114-WA0001-768x461.jpg 768w, https:\/\/agora.xtec.cat\/iesdelvoltreganes\/wp-content\/uploads\/usu618\/2016\/11\/IMG-20161114-WA0001-1024x614.jpg 1024w, https:\/\/agora.xtec.cat\/iesdelvoltreganes\/wp-content\/uploads\/usu618\/2016\/11\/IMG-20161114-WA0001.jpg 1600w\" sizes=\"auto, (max-width: 300px) 100vw, 300px\" \/><\/a><\/p>\n<p>Els alumnes de 4t d&#8217; ESO i 1r de Batxillerat Human\u00edstic-Ci\u00e8ncies Socials hem treballat la industrialitzaci\u00f3.<\/p>\n<p>Per estudiar el context m\u00e9s proper, hem assistit a una xerrada,\u00a0<i>Una majoria invisibe. Les dones a la f\u00e0brica,\u00a0<\/i>a c\u00e0rrec de P. Casas, historiador del Museu del Ter. Ens ha servit per veure com en el proc\u00e9s d&#8217;industrialitzaci\u00f3 t\u00e8xtil les dones van tenir un paper destacat i van ser la m\u00e0 d&#8217; obra principal de les f\u00e0briques catalanes i del Ter per\u00f2 han estat les grans oblidades. Hem reflexionat sobre les seves condicions laborals i de vida.<\/p>\n<p>Per complementar hem assistit a la representaci\u00f3 teatral <i>Bates Blaves<\/i> al Museu del Ter a c\u00e0rrec de Corcia Teatre.\u00a0<i>Bates Blaves<\/i> \u00e9s una obra reivindicativa que vol retre homenatge a les dones del t\u00e8xtil, que durant tot el segle XX van ser majoria a les f\u00e0briques.<\/p>\n<p>I no podia faltar la visita a la col\u00f2nia escocesa de Borgon\u00e0, situada en el municipi de Sant Vicen\u00e7 de Torell\u00f3. Aixecada per l&#8217;empresa escocesa Coats el 1895, autosuficient amb tots els serveis i \u00a0amb una intenci\u00f3 molt paternalista de cara al treballador que tenia clarament una voluntat de control social del treballador.<\/p>\n","protected":false},"excerpt":{"rendered":"<p><a href=\"https:\/\/goo.gl\/photos\/8c3qV3K3w3cL4zbY6\"><\/a><br \/>\nEls alumnes de 4t d&#8217; ESO i 1r de Batxillerat Human\u00edstic-Ci\u00e8ncies Socials hem treballat la industrialitzaci\u00f3.<br \/>\nPer estudiar el context m\u00e9s proper, hem assistit a una xerrada,\u00a0Una majoria invisibe. Les dones a la f\u00e0brica,\u00a0a c\u00e0rrec de P. Casas, historiador del Museu del Ter. Ens ha&hellip;  <a href=\"https:\/\/agora.xtec.cat\/iesdelvoltreganes\/general\/borgonya\/\" title=\"Read Treballem la industrialitzaci\u00f3\">Llegeix m\u00e9s\u00bb<\/a><\/p>\n","protected":false},"author":6,"featured_media":0,"comment_status":"open","ping_status":"open","sticky":false,"template":"","format":"standard","meta":{"_bbp_topic_count":0,"_bbp_reply_count":0,"_bbp_total_topic_count":0,"_bbp_total_reply_count":0,"_bbp_voice_count":0,"_bbp_anonymous_reply_count":0,"_bbp_topic_count_hidden":0,"_bbp_reply_count_hidden":0,"_bbp_forum_subforum_count":0,"footnotes":""},"categories":[8,66,7,1,29],"tags":[39],"class_list":["post-1765","post","type-post","status-publish","format-standard","hentry","category-batxillerat","category-ciencies-socials","category-eso-4","category-general","category-portada","tag-sortides"],"post_mailing_queue_ids":[],"_links":{"self":[{"href":"https:\/\/agora.xtec.cat\/iesdelvoltreganes\/wp-json\/wp\/v2\/posts\/1765","targetHints":{"allow":["GET"]}}],"collection":[{"href":"https:\/\/agora.xtec.cat\/iesdelvoltreganes\/wp-json\/wp\/v2\/posts"}],"about":[{"href":"https:\/\/agora.xtec.cat\/iesdelvoltreganes\/wp-json\/wp\/v2\/types\/post"}],"author":[{"embeddable":true,"href":"https:\/\/agora.xtec.cat\/iesdelvoltreganes\/wp-json\/wp\/v2\/users\/6"}],"replies":[{"embeddable":true,"href":"https:\/\/agora.xtec.cat\/iesdelvoltreganes\/wp-json\/wp\/v2\/comments?post=1765"}],"version-history":[{"count":3,"href":"https:\/\/agora.xtec.cat\/iesdelvoltreganes\/wp-json\/wp\/v2\/posts\/1765\/revisions"}],"predecessor-version":[{"id":2122,"href":"https:\/\/agora.xtec.cat\/iesdelvoltreganes\/wp-json\/wp\/v2\/posts\/1765\/revisions\/2122"}],"wp:attachment":[{"href":"https:\/\/agora.xtec.cat\/iesdelvoltreganes\/wp-json\/wp\/v2\/media?parent=1765"}],"wp:term":[{"taxonomy":"category","embeddable":true,"href":"https:\/\/agora.xtec.cat\/iesdelvoltreganes\/wp-json\/wp\/v2\/categories?post=1765"},{"taxonomy":"post_tag","embeddable":true,"href":"https:\/\/agora.xtec.cat\/iesdelvoltreganes\/wp-json\/wp\/v2\/tags?post=1765"}],"curies":[{"name":"wp","href":"https:\/\/api.w.org\/{rel}","templated":true}]}}