{"id":1730,"date":"2016-11-07T10:37:54","date_gmt":"2016-11-07T09:37:54","guid":{"rendered":"http:\/\/agora.xtec.cat\/iesdelvoltreganes\/?p=1730"},"modified":"2016-11-08T09:46:07","modified_gmt":"2016-11-08T08:46:07","slug":"sortida-a-les-coves-del-toll","status":"publish","type":"post","link":"https:\/\/agora.xtec.cat\/iesdelvoltreganes\/general\/sortida-a-les-coves-del-toll\/","title":{"rendered":"Sortida a les Coves del Toll"},"content":{"rendered":"<p><a href=\"https:\/\/goo.gl\/photos\/JcvZrJJZAgF1hbJYA\"><img loading=\"lazy\" decoding=\"async\" class=\"alignleft wp-image-1729 size-medium\" src=\"http:\/\/agora.xtec.cat\/iesdelvoltreganes\/wp-content\/uploads\/usu618\/2016\/11\/IMG_6330-300x225.jpg\" alt=\"img_6330\" width=\"300\" height=\"225\" srcset=\"https:\/\/agora.xtec.cat\/iesdelvoltreganes\/wp-content\/uploads\/usu618\/2016\/11\/IMG_6330-300x225.jpg 300w, https:\/\/agora.xtec.cat\/iesdelvoltreganes\/wp-content\/uploads\/usu618\/2016\/11\/IMG_6330-768x576.jpg 768w, https:\/\/agora.xtec.cat\/iesdelvoltreganes\/wp-content\/uploads\/usu618\/2016\/11\/IMG_6330-1024x768.jpg 1024w, https:\/\/agora.xtec.cat\/iesdelvoltreganes\/wp-content\/uploads\/usu618\/2016\/11\/IMG_6330-200x150.jpg 200w\" sizes=\"auto, (max-width: 300px) 100vw, 300px\" \/><\/a><\/p>\n<p>El passat 25 d\u2019octubre\u00a0 els alumnes de 1r d\u2019ESO van fer una sortida a les coves del Toll de Moi\u00e0. La sortida va consistir en una visita a la cova del Toll, amb un recorregut subterrani\u00a0 per veure l\u2019espai\u00a0 habitat durant el Neol\u00edtic i on s\u2019han trobat moltes restes\u00a0 \u00f2ssies, de cer\u00e0mica, etc.<\/p>\n<p>Despr\u00e9s de la cova els monitors\u00a0 van explicar diversos aspectes de la vida en el\u00a0 Paleol\u00edtic i Neol\u00edtic, en unes cabanes que reconstrueixen un poblat.\u00a0\u00a0 Vam veure com es podia fer foc, com es tallava el s\u00edlex,\u00a0 com es tallaven les pells, etc.<\/p>\n<p>Com que havia plogut, no es va poder fer el taller d\u2019arqueologia i vam fer un brunzidor que \u00e9s un estri per fer senyals sonors al bosc,\u00a0 El brunzidor de fusta s\u2019havia de polir i es podia pintar amb pigments naturals.<\/p>\n<p>Finalment\u00a0 es va fer\u00a0 una visita molt r\u00e0pida al Museu arqueol\u00f2gic de Moi\u00e0 on es conserven els esquelets humans,\u00a0 les restes \u00f2ssies d\u2019animals\u00a0 i les eines trobades en les excavacions fetes al llarg dels anys a les coves.<\/p>\n<p>&nbsp;<\/p>\n","protected":false},"excerpt":{"rendered":"<p><a href=\"https:\/\/goo.gl\/photos\/JcvZrJJZAgF1hbJYA\"><\/a><br \/>\nEl passat 25 d\u2019octubre\u00a0 els alumnes de 1r d\u2019ESO van fer una sortida a les coves del Toll de Moi\u00e0. La sortida va consistir en una visita a la cova del Toll, amb un recorregut subterrani\u00a0 per veure l\u2019espai\u00a0 habitat durant el Neol\u00edtic i&hellip;  <a href=\"https:\/\/agora.xtec.cat\/iesdelvoltreganes\/general\/sortida-a-les-coves-del-toll\/\" title=\"Read Sortida a les Coves del Toll\">Llegeix m\u00e9s\u00bb<\/a><\/p>\n","protected":false},"author":6,"featured_media":0,"comment_status":"open","ping_status":"open","sticky":false,"template":"","format":"standard","meta":{"_bbp_topic_count":0,"_bbp_reply_count":0,"_bbp_total_topic_count":0,"_bbp_total_reply_count":0,"_bbp_voice_count":0,"_bbp_anonymous_reply_count":0,"_bbp_topic_count_hidden":0,"_bbp_reply_count_hidden":0,"_bbp_forum_subforum_count":0,"footnotes":""},"categories":[66,4,1],"tags":[],"class_list":["post-1730","post","type-post","status-publish","format-standard","hentry","category-ciencies-socials","category-eso-1","category-general"],"post_mailing_queue_ids":[],"_links":{"self":[{"href":"https:\/\/agora.xtec.cat\/iesdelvoltreganes\/wp-json\/wp\/v2\/posts\/1730","targetHints":{"allow":["GET"]}}],"collection":[{"href":"https:\/\/agora.xtec.cat\/iesdelvoltreganes\/wp-json\/wp\/v2\/posts"}],"about":[{"href":"https:\/\/agora.xtec.cat\/iesdelvoltreganes\/wp-json\/wp\/v2\/types\/post"}],"author":[{"embeddable":true,"href":"https:\/\/agora.xtec.cat\/iesdelvoltreganes\/wp-json\/wp\/v2\/users\/6"}],"replies":[{"embeddable":true,"href":"https:\/\/agora.xtec.cat\/iesdelvoltreganes\/wp-json\/wp\/v2\/comments?post=1730"}],"version-history":[{"count":3,"href":"https:\/\/agora.xtec.cat\/iesdelvoltreganes\/wp-json\/wp\/v2\/posts\/1730\/revisions"}],"predecessor-version":[{"id":1738,"href":"https:\/\/agora.xtec.cat\/iesdelvoltreganes\/wp-json\/wp\/v2\/posts\/1730\/revisions\/1738"}],"wp:attachment":[{"href":"https:\/\/agora.xtec.cat\/iesdelvoltreganes\/wp-json\/wp\/v2\/media?parent=1730"}],"wp:term":[{"taxonomy":"category","embeddable":true,"href":"https:\/\/agora.xtec.cat\/iesdelvoltreganes\/wp-json\/wp\/v2\/categories?post=1730"},{"taxonomy":"post_tag","embeddable":true,"href":"https:\/\/agora.xtec.cat\/iesdelvoltreganes\/wp-json\/wp\/v2\/tags?post=1730"}],"curies":[{"name":"wp","href":"https:\/\/api.w.org\/{rel}","templated":true}]}}