{"id":163,"date":"2015-09-20T16:00:33","date_gmt":"2015-09-20T15:00:33","guid":{"rendered":"http:\/\/agora.xtec.cat\/iesdelvoltreganes\/?p=163"},"modified":"2015-12-14T19:29:08","modified_gmt":"2015-12-14T18:29:08","slug":"noticia-8","status":"publish","type":"post","link":"https:\/\/agora.xtec.cat\/iesdelvoltreganes\/portada\/noticia-8\/","title":{"rendered":"Acta d&#8217;inauguraci\u00f3 del curs"},"content":{"rendered":"<p>Aquest 18 de setembre hem inaugurat el curs 2015-2016. En Ramon Alabau, professor de lleng\u00fces estrangeres i poeta, ha fet una presentaci\u00f3-confer\u00e8ncia de t\u00edtol \u201cCon\u00e8ixer el passat, vertebrar el present i somiar el futur\u201d. Primer, abans del pati, l\u2019ha feta per als alumnes de 1r, 2n i 3r d\u2019ESO; i despr\u00e9s del pati, per als de 4t d\u2019ESO i 1r i 2n de batxillerat.<br \/>\nHa estat una xerrada molt amena, on combinava reflexions amb exemples molt propers. Ha parlat als alumnes de distribuir el temps, de comen\u00e7ar a clavar els colzes com m\u00e9s aviat millor (sobretot a 2n de batxillerat), de l\u2019efecte mirall (parlar amb nosaltres mateixos i recon\u00e8ixer els errors), de la relaci\u00f3 amb els professors (cal buscar-los i demanar-los tots els dubtes perqu\u00e8 la seva feina \u00e9s ajudar els alumnes), dels ex\u00e0mens (que s\u00f3n com una \u201cradiografia m\u00e8dica\u201d i haurien de servir perqu\u00e8 tot el que hem fet malament no ho tornem a fer, i que \u00e9s important preparar-se b\u00e9) i de la implicaci\u00f3 dels pares (amb qui s\u2019ha de compartir tot l\u2019esfor\u00e7 que s\u2019est\u00e0 fent). Tamb\u00e9 els ha dit que a la llarga es veuen els coneixements adquirits i que la persona que t\u00e9 m\u00e9s recursos tard o d\u2019hora t\u00e9 m\u00e9s possibilitats.<\/p>\n<p>En Ramon Alabau ha valorat, d\u2019altra banda, l\u2019esperit de recerca que ens proposem per aquest 2015-2016.<\/p>\n<p>Finalment ha parlat de la import\u00e0ncia de llegir, i ha llegit tres poemes: \u201cElionor\u201d de Miquel Mart\u00ed Pol; \u201cLa vaca cega\u201d de Joan Maragall i \u201cCuerpo presente\u201d de Llanto por Ignacio S\u00e1nchez Mej\u00edas de Federico Garc\u00eda Lorca. Als del segon grup, en comptes de la \u201cVaca cega\u201d els ha llegit \u201cCambra de la tardor\u201d de Gabriel Ferrater.<\/p>\n<p>Despr\u00e9s dels aplaudiments ha dit: \u201cTant de bo que els vostres somnis es puguin complir.&#8221;<\/p>\n","protected":false},"excerpt":{"rendered":"<p>Aquest 18 de setembre hem inaugurat el curs 2015-2016. En Ramon Alabau, professor de lleng\u00fces estrangeres i poeta, ha fet una presentaci\u00f3-confer\u00e8ncia de t\u00edtol \u201cCon\u00e8ixer el passat, vertebrar el present i somiar el futur\u201d. Primer, abans del pati, l\u2019ha feta per als alumnes de 1r,&hellip;  <a href=\"https:\/\/agora.xtec.cat\/iesdelvoltreganes\/portada\/noticia-8\/\" title=\"Read Acta d&#8217;inauguraci\u00f3 del curs\">Llegeix m\u00e9s\u00bb<\/a><\/p>\n","protected":false},"author":1,"featured_media":0,"comment_status":"open","ping_status":"open","sticky":false,"template":"","format":"standard","meta":{"_bbp_topic_count":0,"_bbp_reply_count":0,"_bbp_total_topic_count":0,"_bbp_total_reply_count":0,"_bbp_voice_count":0,"_bbp_anonymous_reply_count":0,"_bbp_topic_count_hidden":0,"_bbp_reply_count_hidden":0,"_bbp_forum_subforum_count":0,"footnotes":""},"categories":[29],"tags":[44],"class_list":["post-163","post","type-post","status-publish","format-standard","hentry","category-portada","tag-xerrades"],"post_mailing_queue_ids":[],"_links":{"self":[{"href":"https:\/\/agora.xtec.cat\/iesdelvoltreganes\/wp-json\/wp\/v2\/posts\/163","targetHints":{"allow":["GET"]}}],"collection":[{"href":"https:\/\/agora.xtec.cat\/iesdelvoltreganes\/wp-json\/wp\/v2\/posts"}],"about":[{"href":"https:\/\/agora.xtec.cat\/iesdelvoltreganes\/wp-json\/wp\/v2\/types\/post"}],"author":[{"embeddable":true,"href":"https:\/\/agora.xtec.cat\/iesdelvoltreganes\/wp-json\/wp\/v2\/users\/1"}],"replies":[{"embeddable":true,"href":"https:\/\/agora.xtec.cat\/iesdelvoltreganes\/wp-json\/wp\/v2\/comments?post=163"}],"version-history":[{"count":3,"href":"https:\/\/agora.xtec.cat\/iesdelvoltreganes\/wp-json\/wp\/v2\/posts\/163\/revisions"}],"predecessor-version":[{"id":321,"href":"https:\/\/agora.xtec.cat\/iesdelvoltreganes\/wp-json\/wp\/v2\/posts\/163\/revisions\/321"}],"wp:attachment":[{"href":"https:\/\/agora.xtec.cat\/iesdelvoltreganes\/wp-json\/wp\/v2\/media?parent=163"}],"wp:term":[{"taxonomy":"category","embeddable":true,"href":"https:\/\/agora.xtec.cat\/iesdelvoltreganes\/wp-json\/wp\/v2\/categories?post=163"},{"taxonomy":"post_tag","embeddable":true,"href":"https:\/\/agora.xtec.cat\/iesdelvoltreganes\/wp-json\/wp\/v2\/tags?post=163"}],"curies":[{"name":"wp","href":"https:\/\/api.w.org\/{rel}","templated":true}]}}