{"id":1387,"date":"2016-05-30T12:40:48","date_gmt":"2016-05-30T11:40:48","guid":{"rendered":"http:\/\/agora.xtec.cat\/iesdelvoltreganes\/?p=1387"},"modified":"2016-05-30T12:51:27","modified_gmt":"2016-05-30T11:51:27","slug":"sacaba-el-temps-radio-taradell-3","status":"publish","type":"post","link":"https:\/\/agora.xtec.cat\/iesdelvoltreganes\/general\/sacaba-el-temps-radio-taradell-3\/","title":{"rendered":"S&#8217;acaba el temps, r\u00e0dio Taradell"},"content":{"rendered":"<p>Els alumnes de 4t d&#8217;ESO de l&#8217;Institut del Voltregan\u00e8s han guanyat la primera semifinal del programa &#8220;S&#8217;acaba el Temps&#8221; de R\u00e0dio Taradell. La final ser\u00e0 el dia 12 de juny\u00a0 a les 12h contra l&#8217;institut que guanyi la segona semifinal.<\/p>\n<p><a href=\"http:\/\/agora.xtec.cat\/iesdelvoltreganes\/wp-content\/uploads\/usu618\/2016\/05\/IMG_9815.jpg\"><img loading=\"lazy\" decoding=\"async\" class=\"aligncenter wp-image-1388 size-medium\" src=\"http:\/\/agora.xtec.cat\/iesdelvoltreganes\/wp-content\/uploads\/usu618\/2016\/05\/IMG_9815-300x225.jpg\" alt=\"IMG_9815\" width=\"300\" height=\"225\" srcset=\"https:\/\/agora.xtec.cat\/iesdelvoltreganes\/wp-content\/uploads\/usu618\/2016\/05\/IMG_9815-300x225.jpg 300w, https:\/\/agora.xtec.cat\/iesdelvoltreganes\/wp-content\/uploads\/usu618\/2016\/05\/IMG_9815-1024x768.jpg 1024w, https:\/\/agora.xtec.cat\/iesdelvoltreganes\/wp-content\/uploads\/usu618\/2016\/05\/IMG_9815-200x150.jpg 200w\" sizes=\"auto, (max-width: 300px) 100vw, 300px\" \/><\/a><\/p>\n","protected":false},"excerpt":{"rendered":"<p>Els alumnes de 4t d&#8217;ESO de l&#8217;Institut del Voltregan\u00e8s han guanyat la primera semifinal del programa &#8220;S&#8217;acaba el Temps&#8221; de R\u00e0dio Taradell. La final ser\u00e0 el dia 12 de juny\u00a0 a les 12h contra l&#8217;institut que guanyi la segona semifinal.<br \/>\n<a href=\"http:\/\/agora.xtec.cat\/iesdelvoltreganes\/wp-content\/uploads\/usu618\/2016\/05\/IMG_9815.jpg\"><\/a><\/p>\n","protected":false},"author":6,"featured_media":0,"comment_status":"open","ping_status":"open","sticky":false,"template":"","format":"standard","meta":{"_bbp_topic_count":0,"_bbp_reply_count":0,"_bbp_total_topic_count":0,"_bbp_total_reply_count":0,"_bbp_voice_count":0,"_bbp_anonymous_reply_count":0,"_bbp_topic_count_hidden":0,"_bbp_reply_count_hidden":0,"_bbp_forum_subforum_count":0,"footnotes":""},"categories":[7,1,29],"tags":[43],"class_list":["post-1387","post","type-post","status-publish","format-standard","hentry","category-eso-4","category-general","category-portada","tag-expressio-oral"],"post_mailing_queue_ids":[],"_links":{"self":[{"href":"https:\/\/agora.xtec.cat\/iesdelvoltreganes\/wp-json\/wp\/v2\/posts\/1387","targetHints":{"allow":["GET"]}}],"collection":[{"href":"https:\/\/agora.xtec.cat\/iesdelvoltreganes\/wp-json\/wp\/v2\/posts"}],"about":[{"href":"https:\/\/agora.xtec.cat\/iesdelvoltreganes\/wp-json\/wp\/v2\/types\/post"}],"author":[{"embeddable":true,"href":"https:\/\/agora.xtec.cat\/iesdelvoltreganes\/wp-json\/wp\/v2\/users\/6"}],"replies":[{"embeddable":true,"href":"https:\/\/agora.xtec.cat\/iesdelvoltreganes\/wp-json\/wp\/v2\/comments?post=1387"}],"version-history":[{"count":1,"href":"https:\/\/agora.xtec.cat\/iesdelvoltreganes\/wp-json\/wp\/v2\/posts\/1387\/revisions"}],"predecessor-version":[{"id":1389,"href":"https:\/\/agora.xtec.cat\/iesdelvoltreganes\/wp-json\/wp\/v2\/posts\/1387\/revisions\/1389"}],"wp:attachment":[{"href":"https:\/\/agora.xtec.cat\/iesdelvoltreganes\/wp-json\/wp\/v2\/media?parent=1387"}],"wp:term":[{"taxonomy":"category","embeddable":true,"href":"https:\/\/agora.xtec.cat\/iesdelvoltreganes\/wp-json\/wp\/v2\/categories?post=1387"},{"taxonomy":"post_tag","embeddable":true,"href":"https:\/\/agora.xtec.cat\/iesdelvoltreganes\/wp-json\/wp\/v2\/tags?post=1387"}],"curies":[{"name":"wp","href":"https:\/\/api.w.org\/{rel}","templated":true}]}}