{"id":1378,"date":"2016-05-24T11:00:16","date_gmt":"2016-05-24T10:00:16","guid":{"rendered":"http:\/\/agora.xtec.cat\/iesdelvoltreganes\/?p=1378"},"modified":"2016-05-24T11:21:38","modified_gmt":"2016-05-24T10:21:38","slug":"sacaba-el-temps-radio-taradell-2","status":"publish","type":"post","link":"https:\/\/agora.xtec.cat\/iesdelvoltreganes\/general\/sacaba-el-temps-radio-taradell-2\/","title":{"rendered":"S&#8217;acaba el temps, r\u00e0dio Taradell"},"content":{"rendered":"<p><a href=\"http:\/\/agora.xtec.cat\/iesdelvoltreganes\/wp-content\/uploads\/usu618\/2016\/05\/IMG_9725.jpg\">Els alumnes de 4t d\u2019ESO, representats per en Pol Baraza i la Jana Caniego van<\/a><a href=\"http:\/\/agora.xtec.cat\/iesdelvoltreganes\/wp-content\/uploads\/usu618\/2016\/05\/IMG_9725.jpg\">\u00a0guanyar <\/a><a href=\"http:\/\/agora.xtec.cat\/iesdelvoltreganes\/wp-content\/uploads\/usu618\/2016\/05\/IMG_9725.jpg\">al programa &#8220;S\u2019acaba el temps&#8221; de\u00a0r\u00e0dio Taradell contra l\u2019institut de Tona. La propera eliminat\u00f2ria, que ja s\u00f3n semifinals, ser\u00e0 el dia 29 de maig contra l\u2019institut de Castellter\u00e7ol.<br \/>\n<img loading=\"lazy\" decoding=\"async\" class=\"alignnone wp-image-1380 size-medium\" src=\"http:\/\/agora.xtec.cat\/iesdelvoltreganes\/wp-content\/uploads\/usu618\/2016\/05\/IMG_9725-300x225.jpg\" alt=\"IMG_9725\" width=\"300\" height=\"225\" srcset=\"https:\/\/agora.xtec.cat\/iesdelvoltreganes\/wp-content\/uploads\/usu618\/2016\/05\/IMG_9725-300x225.jpg 300w, https:\/\/agora.xtec.cat\/iesdelvoltreganes\/wp-content\/uploads\/usu618\/2016\/05\/IMG_9725-1024x768.jpg 1024w, https:\/\/agora.xtec.cat\/iesdelvoltreganes\/wp-content\/uploads\/usu618\/2016\/05\/IMG_9725-200x150.jpg 200w\" sizes=\"auto, (max-width: 300px) 100vw, 300px\" \/><img loading=\"lazy\" decoding=\"async\" class=\"alignnone wp-image-1379 size-medium\" src=\"http:\/\/agora.xtec.cat\/iesdelvoltreganes\/wp-content\/uploads\/usu618\/2016\/05\/IMG_9720-300x300.jpg\" alt=\"IMG_9720\" width=\"300\" height=\"300\" srcset=\"https:\/\/agora.xtec.cat\/iesdelvoltreganes\/wp-content\/uploads\/usu618\/2016\/05\/IMG_9720-300x300.jpg 300w, https:\/\/agora.xtec.cat\/iesdelvoltreganes\/wp-content\/uploads\/usu618\/2016\/05\/IMG_9720-150x150.jpg 150w, https:\/\/agora.xtec.cat\/iesdelvoltreganes\/wp-content\/uploads\/usu618\/2016\/05\/IMG_9720-1024x1024.jpg 1024w\" sizes=\"auto, (max-width: 300px) 100vw, 300px\" \/><\/a><\/p>\n","protected":false},"excerpt":{"rendered":"<p><a href=\"http:\/\/agora.xtec.cat\/iesdelvoltreganes\/wp-content\/uploads\/usu618\/2016\/05\/IMG_9725.jpg\">Els alumnes de 4t d\u2019ESO, representats per en Pol Baraza i la Jana Caniego van<\/a><a href=\"http:\/\/agora.xtec.cat\/iesdelvoltreganes\/wp-content\/uploads\/usu618\/2016\/05\/IMG_9725.jpg\">\u00a0guanyar <\/a><a href=\"http:\/\/agora.xtec.cat\/iesdelvoltreganes\/wp-content\/uploads\/usu618\/2016\/05\/IMG_9725.jpg\">al programa &#8220;S\u2019acaba el temps&#8221; de\u00a0r\u00e0dio Taradell contra l\u2019institut de Tona. La propera eliminat\u00f2ria, que ja s\u00f3n semifinals, ser\u00e0 el dia 29 de maig contra l\u2019institut de&hellip;  <a href=\"https:\/\/agora.xtec.cat\/iesdelvoltreganes\/general\/sacaba-el-temps-radio-taradell-2\/\" title=\"Read S&#8217;acaba el temps, r\u00e0dio Taradell\">Llegeix m\u00e9s\u00bb<\/a><\/p>\n","protected":false},"author":6,"featured_media":0,"comment_status":"open","ping_status":"open","sticky":false,"template":"","format":"standard","meta":{"_bbp_topic_count":0,"_bbp_reply_count":0,"_bbp_total_topic_count":0,"_bbp_total_reply_count":0,"_bbp_voice_count":0,"_bbp_anonymous_reply_count":0,"_bbp_topic_count_hidden":0,"_bbp_reply_count_hidden":0,"_bbp_forum_subforum_count":0,"footnotes":""},"categories":[7,1,29],"tags":[43],"class_list":["post-1378","post","type-post","status-publish","format-standard","hentry","category-eso-4","category-general","category-portada","tag-expressio-oral"],"post_mailing_queue_ids":[],"_links":{"self":[{"href":"https:\/\/agora.xtec.cat\/iesdelvoltreganes\/wp-json\/wp\/v2\/posts\/1378","targetHints":{"allow":["GET"]}}],"collection":[{"href":"https:\/\/agora.xtec.cat\/iesdelvoltreganes\/wp-json\/wp\/v2\/posts"}],"about":[{"href":"https:\/\/agora.xtec.cat\/iesdelvoltreganes\/wp-json\/wp\/v2\/types\/post"}],"author":[{"embeddable":true,"href":"https:\/\/agora.xtec.cat\/iesdelvoltreganes\/wp-json\/wp\/v2\/users\/6"}],"replies":[{"embeddable":true,"href":"https:\/\/agora.xtec.cat\/iesdelvoltreganes\/wp-json\/wp\/v2\/comments?post=1378"}],"version-history":[{"count":3,"href":"https:\/\/agora.xtec.cat\/iesdelvoltreganes\/wp-json\/wp\/v2\/posts\/1378\/revisions"}],"predecessor-version":[{"id":1383,"href":"https:\/\/agora.xtec.cat\/iesdelvoltreganes\/wp-json\/wp\/v2\/posts\/1378\/revisions\/1383"}],"wp:attachment":[{"href":"https:\/\/agora.xtec.cat\/iesdelvoltreganes\/wp-json\/wp\/v2\/media?parent=1378"}],"wp:term":[{"taxonomy":"category","embeddable":true,"href":"https:\/\/agora.xtec.cat\/iesdelvoltreganes\/wp-json\/wp\/v2\/categories?post=1378"},{"taxonomy":"post_tag","embeddable":true,"href":"https:\/\/agora.xtec.cat\/iesdelvoltreganes\/wp-json\/wp\/v2\/tags?post=1378"}],"curies":[{"name":"wp","href":"https:\/\/api.w.org\/{rel}","templated":true}]}}