{"id":1355,"date":"2016-05-07T16:11:03","date_gmt":"2016-05-07T15:11:03","guid":{"rendered":"http:\/\/agora.xtec.cat\/iesdelvoltreganes\/?p=1355"},"modified":"2017-02-01T08:41:32","modified_gmt":"2017-02-01T07:41:32","slug":"visita-a-lempresa-llet-pascual","status":"publish","type":"post","link":"https:\/\/agora.xtec.cat\/iesdelvoltreganes\/general\/visita-a-lempresa-llet-pascual\/","title":{"rendered":"Visita a l&#8217;empresa Llet Pascual"},"content":{"rendered":"<p><a href=\"http:\/\/agora.xtec.cat\/iesdelvoltreganes\/wp-content\/uploads\/usu618\/2016\/05\/FullSizeRender.jpg\">El passat divendres 6 de maig, els alumnes de 3r vam visitar la f\u00e0brica Llet Pascual. All\u00e0 ens van explicar el funcionament de l\u2019empresa, el seu origen, els productes i tot el proc\u00e9s que porten a terme a la f\u00e0brica de Gurb, des de les granges de vaques fins a la recollida de la llet amb els camions, els controls que porten a terme fins a l\u2019envasat dels diferents tipus de llet.<br \/>\nDespr\u00e9s de l\u2019explicaci\u00f3 vam visitar la nau on s\u2019estaven envasant brics de llet desnatada. Abans de marxar ens van obsequiar amb un lot de productes de la marca. Aix\u00ed vam poder veure a la pr\u00e0ctica algunes de les coses que hem treballat a classe de ci\u00e8ncies socials<\/a><\/p>\n<p><a href=\"http:\/\/agora.xtec.cat\/iesdelvoltreganes\/wp-content\/uploads\/usu618\/2016\/05\/FullSizeRender.jpg\">.<\/a><a href=\"http:\/\/agora.xtec.cat\/iesdelvoltreganes\/wp-content\/uploads\/usu618\/2016\/05\/FullSizeRender.jpg\"><img loading=\"lazy\" decoding=\"async\" class=\"alignnone wp-image-1356 size-medium\" src=\"http:\/\/agora.xtec.cat\/iesdelvoltreganes\/wp-content\/uploads\/usu618\/2016\/05\/FullSizeRender-273x300.jpg\" alt=\"FullSizeRender\" width=\"273\" height=\"300\" srcset=\"https:\/\/agora.xtec.cat\/iesdelvoltreganes\/wp-content\/uploads\/usu618\/2016\/05\/FullSizeRender-273x300.jpg 273w, https:\/\/agora.xtec.cat\/iesdelvoltreganes\/wp-content\/uploads\/usu618\/2016\/05\/FullSizeRender-932x1024.jpg 932w\" sizes=\"auto, (max-width: 273px) 100vw, 273px\" \/><\/a> <a href=\"http:\/\/agora.xtec.cat\/iesdelvoltreganes\/wp-content\/uploads\/usu618\/2016\/05\/FullSizeRender1.jpg\"><img loading=\"lazy\" decoding=\"async\" class=\"alignnone wp-image-1357 size-medium\" src=\"http:\/\/agora.xtec.cat\/iesdelvoltreganes\/wp-content\/uploads\/usu618\/2016\/05\/FullSizeRender1-300x199.jpg\" alt=\"FullSizeRender(1)\" width=\"300\" height=\"199\" srcset=\"https:\/\/agora.xtec.cat\/iesdelvoltreganes\/wp-content\/uploads\/usu618\/2016\/05\/FullSizeRender1-300x199.jpg 300w, https:\/\/agora.xtec.cat\/iesdelvoltreganes\/wp-content\/uploads\/usu618\/2016\/05\/FullSizeRender1-1024x680.jpg 1024w\" sizes=\"auto, (max-width: 300px) 100vw, 300px\" \/><\/a> <a href=\"http:\/\/agora.xtec.cat\/iesdelvoltreganes\/wp-content\/uploads\/usu618\/2016\/05\/IMG_5021.jpg\"><img loading=\"lazy\" decoding=\"async\" class=\"alignnone wp-image-1358 size-medium\" src=\"http:\/\/agora.xtec.cat\/iesdelvoltreganes\/wp-content\/uploads\/usu618\/2016\/05\/IMG_5021-300x225.jpg\" alt=\"IMG_5021\" width=\"300\" height=\"225\" srcset=\"https:\/\/agora.xtec.cat\/iesdelvoltreganes\/wp-content\/uploads\/usu618\/2016\/05\/IMG_5021-300x225.jpg 300w, https:\/\/agora.xtec.cat\/iesdelvoltreganes\/wp-content\/uploads\/usu618\/2016\/05\/IMG_5021-1024x768.jpg 1024w, https:\/\/agora.xtec.cat\/iesdelvoltreganes\/wp-content\/uploads\/usu618\/2016\/05\/IMG_5021-200x150.jpg 200w\" sizes=\"auto, (max-width: 300px) 100vw, 300px\" \/><\/a><a href=\"http:\/\/agora.xtec.cat\/iesdelvoltreganes\/wp-content\/uploads\/usu618\/2016\/05\/IMG_2212-e1485934591193.jpg\"><img loading=\"lazy\" decoding=\"async\" class=\"alignnone wp-image-1962 size-medium\" src=\"http:\/\/agora.xtec.cat\/iesdelvoltreganes\/wp-content\/uploads\/usu618\/2016\/05\/IMG_2212-e1485934591193-300x225.jpg\" alt=\"img_2212\" width=\"300\" height=\"225\" srcset=\"https:\/\/agora.xtec.cat\/iesdelvoltreganes\/wp-content\/uploads\/usu618\/2016\/05\/IMG_2212-e1485934591193-300x225.jpg 300w, https:\/\/agora.xtec.cat\/iesdelvoltreganes\/wp-content\/uploads\/usu618\/2016\/05\/IMG_2212-e1485934591193-768x576.jpg 768w, https:\/\/agora.xtec.cat\/iesdelvoltreganes\/wp-content\/uploads\/usu618\/2016\/05\/IMG_2212-e1485934591193-1024x768.jpg 1024w, https:\/\/agora.xtec.cat\/iesdelvoltreganes\/wp-content\/uploads\/usu618\/2016\/05\/IMG_2212-e1485934591193-200x150.jpg 200w\" sizes=\"auto, (max-width: 300px) 100vw, 300px\" \/><\/a><\/p>\n","protected":false},"excerpt":{"rendered":"<p><a href=\"http:\/\/agora.xtec.cat\/iesdelvoltreganes\/wp-content\/uploads\/usu618\/2016\/05\/FullSizeRender.jpg\">El passat divendres 6 de maig, els alumnes de 3r vam visitar la f\u00e0brica Llet Pascual. All\u00e0 ens van explicar el funcionament de l\u2019empresa, el seu origen, els productes i tot el proc\u00e9s que porten a terme a la f\u00e0brica de Gurb, des de&hellip;  <a href=\"https:\/\/agora.xtec.cat\/iesdelvoltreganes\/general\/visita-a-lempresa-llet-pascual\/\" title=\"Read Visita a l&#8217;empresa Llet Pascual\">Llegeix m\u00e9s\u00bb<\/a><\/p>\n","protected":false},"author":6,"featured_media":1356,"comment_status":"open","ping_status":"open","sticky":false,"template":"","format":"standard","meta":{"_bbp_topic_count":0,"_bbp_reply_count":0,"_bbp_total_topic_count":0,"_bbp_total_reply_count":0,"_bbp_voice_count":0,"_bbp_anonymous_reply_count":0,"_bbp_topic_count_hidden":0,"_bbp_reply_count_hidden":0,"_bbp_forum_subforum_count":0,"footnotes":""},"categories":[66,6,1,29],"tags":[39],"class_list":["post-1355","post","type-post","status-publish","format-standard","has-post-thumbnail","hentry","category-ciencies-socials","category-eso-3","category-general","category-portada","tag-sortides"],"post_mailing_queue_ids":[],"_links":{"self":[{"href":"https:\/\/agora.xtec.cat\/iesdelvoltreganes\/wp-json\/wp\/v2\/posts\/1355","targetHints":{"allow":["GET"]}}],"collection":[{"href":"https:\/\/agora.xtec.cat\/iesdelvoltreganes\/wp-json\/wp\/v2\/posts"}],"about":[{"href":"https:\/\/agora.xtec.cat\/iesdelvoltreganes\/wp-json\/wp\/v2\/types\/post"}],"author":[{"embeddable":true,"href":"https:\/\/agora.xtec.cat\/iesdelvoltreganes\/wp-json\/wp\/v2\/users\/6"}],"replies":[{"embeddable":true,"href":"https:\/\/agora.xtec.cat\/iesdelvoltreganes\/wp-json\/wp\/v2\/comments?post=1355"}],"version-history":[{"count":2,"href":"https:\/\/agora.xtec.cat\/iesdelvoltreganes\/wp-json\/wp\/v2\/posts\/1355\/revisions"}],"predecessor-version":[{"id":1964,"href":"https:\/\/agora.xtec.cat\/iesdelvoltreganes\/wp-json\/wp\/v2\/posts\/1355\/revisions\/1964"}],"wp:featuredmedia":[{"embeddable":true,"href":"https:\/\/agora.xtec.cat\/iesdelvoltreganes\/wp-json\/wp\/v2\/media\/1356"}],"wp:attachment":[{"href":"https:\/\/agora.xtec.cat\/iesdelvoltreganes\/wp-json\/wp\/v2\/media?parent=1355"}],"wp:term":[{"taxonomy":"category","embeddable":true,"href":"https:\/\/agora.xtec.cat\/iesdelvoltreganes\/wp-json\/wp\/v2\/categories?post=1355"},{"taxonomy":"post_tag","embeddable":true,"href":"https:\/\/agora.xtec.cat\/iesdelvoltreganes\/wp-json\/wp\/v2\/tags?post=1355"}],"curies":[{"name":"wp","href":"https:\/\/api.w.org\/{rel}","templated":true}]}}