{"id":1317,"date":"2016-04-27T15:17:46","date_gmt":"2016-04-27T14:17:46","guid":{"rendered":"http:\/\/agora.xtec.cat\/iesdelvoltreganes\/?p=1317"},"modified":"2016-04-27T15:20:17","modified_gmt":"2016-04-27T14:20:17","slug":"no-em-deixis-a-la-catolica","status":"publish","type":"post","link":"https:\/\/agora.xtec.cat\/iesdelvoltreganes\/general\/no-em-deixis-a-la-catolica\/","title":{"rendered":"No em deixis a La Cat\u00f2lica"},"content":{"rendered":"<div>Els alumnes de 3r i 4t d&#8217;ESO van assistir a la representaci\u00f3 de l&#8217;obra <b><em>No em deixis<\/em> <\/b>de la companyia Zoo(i)l\u00f2gic al Teatre La Cat\u00f2lica de Sant Hip\u00f2lit. No va ser nom\u00e9s una representaci\u00f3 teatral, sin\u00f3 que de manera l\u00fadica i molt participativa es va tractar el tema de la viol\u00e8ncia de g\u00e8nere. Els alumnes han valorat molt positivament l&#8217;activitat.<\/div>\n<div><\/div>\n<p><a href=\"http:\/\/agora.xtec.cat\/iesdelvoltreganes\/wp-content\/uploads\/usu618\/2016\/04\/20160426_105727.jpg\"><img loading=\"lazy\" decoding=\"async\" class=\"alignnone  wp-image-1306\" src=\"http:\/\/agora.xtec.cat\/iesdelvoltreganes\/wp-content\/uploads\/usu618\/2016\/04\/20160426_105727-1024x614.jpg\" alt=\"20160426_105727\" width=\"343\" height=\"205\" srcset=\"https:\/\/agora.xtec.cat\/iesdelvoltreganes\/wp-content\/uploads\/usu618\/2016\/04\/20160426_105727-1024x614.jpg 1024w, https:\/\/agora.xtec.cat\/iesdelvoltreganes\/wp-content\/uploads\/usu618\/2016\/04\/20160426_105727-300x180.jpg 300w\" sizes=\"auto, (max-width: 343px) 100vw, 343px\" \/><\/a><a href=\"http:\/\/agora.xtec.cat\/iesdelvoltreganes\/wp-content\/uploads\/usu618\/2016\/04\/20160426_105742.jpg\"><img loading=\"lazy\" decoding=\"async\" class=\"alignnone  wp-image-1307\" src=\"http:\/\/agora.xtec.cat\/iesdelvoltreganes\/wp-content\/uploads\/usu618\/2016\/04\/20160426_105742-1024x614.jpg\" alt=\"20160426_105742\" width=\"344\" height=\"206\" srcset=\"https:\/\/agora.xtec.cat\/iesdelvoltreganes\/wp-content\/uploads\/usu618\/2016\/04\/20160426_105742-1024x614.jpg 1024w, https:\/\/agora.xtec.cat\/iesdelvoltreganes\/wp-content\/uploads\/usu618\/2016\/04\/20160426_105742-300x180.jpg 300w\" sizes=\"auto, (max-width: 344px) 100vw, 344px\" \/><\/a><\/p>\n","protected":false},"excerpt":{"rendered":"<p>Els alumnes de 3r i 4t d&#8217;ESO van assistir a la representaci\u00f3 de l&#8217;obra No em deixis de la companyia Zoo(i)l\u00f2gic al Teatre La Cat\u00f2lica de Sant Hip\u00f2lit. No va ser nom\u00e9s una representaci\u00f3 teatral, sin\u00f3 que de manera l\u00fadica i molt participativa es va&hellip;  <a href=\"https:\/\/agora.xtec.cat\/iesdelvoltreganes\/general\/no-em-deixis-a-la-catolica\/\" title=\"Read No em deixis a La Cat\u00f2lica\">Llegeix m\u00e9s\u00bb<\/a><\/p>\n","protected":false},"author":6,"featured_media":0,"comment_status":"open","ping_status":"open","sticky":false,"template":"","format":"standard","meta":{"_bbp_topic_count":0,"_bbp_reply_count":0,"_bbp_total_topic_count":0,"_bbp_total_reply_count":0,"_bbp_voice_count":0,"_bbp_anonymous_reply_count":0,"_bbp_topic_count_hidden":0,"_bbp_reply_count_hidden":0,"_bbp_forum_subforum_count":0,"footnotes":""},"categories":[6,7,1,29],"tags":[],"class_list":["post-1317","post","type-post","status-publish","format-standard","hentry","category-eso-3","category-eso-4","category-general","category-portada"],"post_mailing_queue_ids":[],"_links":{"self":[{"href":"https:\/\/agora.xtec.cat\/iesdelvoltreganes\/wp-json\/wp\/v2\/posts\/1317","targetHints":{"allow":["GET"]}}],"collection":[{"href":"https:\/\/agora.xtec.cat\/iesdelvoltreganes\/wp-json\/wp\/v2\/posts"}],"about":[{"href":"https:\/\/agora.xtec.cat\/iesdelvoltreganes\/wp-json\/wp\/v2\/types\/post"}],"author":[{"embeddable":true,"href":"https:\/\/agora.xtec.cat\/iesdelvoltreganes\/wp-json\/wp\/v2\/users\/6"}],"replies":[{"embeddable":true,"href":"https:\/\/agora.xtec.cat\/iesdelvoltreganes\/wp-json\/wp\/v2\/comments?post=1317"}],"version-history":[{"count":3,"href":"https:\/\/agora.xtec.cat\/iesdelvoltreganes\/wp-json\/wp\/v2\/posts\/1317\/revisions"}],"predecessor-version":[{"id":1326,"href":"https:\/\/agora.xtec.cat\/iesdelvoltreganes\/wp-json\/wp\/v2\/posts\/1317\/revisions\/1326"}],"wp:attachment":[{"href":"https:\/\/agora.xtec.cat\/iesdelvoltreganes\/wp-json\/wp\/v2\/media?parent=1317"}],"wp:term":[{"taxonomy":"category","embeddable":true,"href":"https:\/\/agora.xtec.cat\/iesdelvoltreganes\/wp-json\/wp\/v2\/categories?post=1317"},{"taxonomy":"post_tag","embeddable":true,"href":"https:\/\/agora.xtec.cat\/iesdelvoltreganes\/wp-json\/wp\/v2\/tags?post=1317"}],"curies":[{"name":"wp","href":"https:\/\/api.w.org\/{rel}","templated":true}]}}