{"id":1152,"date":"2016-03-10T19:23:22","date_gmt":"2016-03-10T18:23:22","guid":{"rendered":"http:\/\/agora.xtec.cat\/iesdelvoltreganes\/?p=1152"},"modified":"2016-03-17T10:44:04","modified_gmt":"2016-03-17T09:44:04","slug":"pla-local-de-joventut-2017-2020","status":"publish","type":"post","link":"https:\/\/agora.xtec.cat\/iesdelvoltreganes\/general\/pla-local-de-joventut-2017-2020\/","title":{"rendered":"Pla Local de Joventut 2017-2020"},"content":{"rendered":"<p>La regidora de Joventut de Sant Hip\u00f2lit i les t\u00e8cniques de Joventut dels Ajuntaments de Masies de Voltreg\u00e0 i Sant Hip\u00f2lit de Voltreg\u00e0 es van reunir amb els delegats i les delegades de l&#8217;Institut del Voltregan\u00e8s per explicar-los el Pla Local de Joventut 2017-2020. Delegats i delegades col.laboraran com a representants dels estudiants de l&#8217;Institut del Voltregan\u00e8s. Amb la resta dels alumnes, a l&#8217;hora de tutoria de grup ompliran una graella amb propostes \u00a0d&#8217;educaci\u00f3, cultura, salut, treball i participaci\u00f3.<\/p>\n<p><a href=\"http:\/\/agora.xtec.cat\/iesdelvoltreganes\/wp-content\/uploads\/usu618\/2016\/03\/20160307_095936.jpg\"><img loading=\"lazy\" decoding=\"async\" class=\" wp-image-1170 size-medium aligncenter\" src=\"http:\/\/agora.xtec.cat\/iesdelvoltreganes\/wp-content\/uploads\/usu618\/2016\/03\/20160307_095936-300x225.jpg\" alt=\"20160307_095936\" width=\"300\" height=\"225\" srcset=\"https:\/\/agora.xtec.cat\/iesdelvoltreganes\/wp-content\/uploads\/usu618\/2016\/03\/20160307_095936-300x225.jpg 300w, https:\/\/agora.xtec.cat\/iesdelvoltreganes\/wp-content\/uploads\/usu618\/2016\/03\/20160307_095936-1024x768.jpg 1024w, https:\/\/agora.xtec.cat\/iesdelvoltreganes\/wp-content\/uploads\/usu618\/2016\/03\/20160307_095936-200x150.jpg 200w\" sizes=\"auto, (max-width: 300px) 100vw, 300px\" \/><\/a><\/p>\n","protected":false},"excerpt":{"rendered":"<p>La regidora de Joventut de Sant Hip\u00f2lit i les t\u00e8cniques de Joventut dels Ajuntaments de Masies de Voltreg\u00e0 i Sant Hip\u00f2lit de Voltreg\u00e0 es van reunir amb els delegats i les delegades de l&#8217;Institut del Voltregan\u00e8s per explicar-los el Pla Local de Joventut 2017-2020. Delegats&hellip;  <a href=\"https:\/\/agora.xtec.cat\/iesdelvoltreganes\/general\/pla-local-de-joventut-2017-2020\/\" title=\"Read Pla Local de Joventut 2017-2020\">Llegeix m\u00e9s\u00bb<\/a><\/p>\n","protected":false},"author":6,"featured_media":0,"comment_status":"open","ping_status":"open","sticky":false,"template":"","format":"standard","meta":{"_bbp_topic_count":0,"_bbp_reply_count":0,"_bbp_total_topic_count":0,"_bbp_total_reply_count":0,"_bbp_voice_count":0,"_bbp_anonymous_reply_count":0,"_bbp_topic_count_hidden":0,"_bbp_reply_count_hidden":0,"_bbp_forum_subforum_count":0,"footnotes":""},"categories":[79,1,29],"tags":[80],"class_list":["post-1152","post","type-post","status-publish","format-standard","hentry","category-delegats","category-general","category-portada","tag-reunio"],"post_mailing_queue_ids":[],"_links":{"self":[{"href":"https:\/\/agora.xtec.cat\/iesdelvoltreganes\/wp-json\/wp\/v2\/posts\/1152","targetHints":{"allow":["GET"]}}],"collection":[{"href":"https:\/\/agora.xtec.cat\/iesdelvoltreganes\/wp-json\/wp\/v2\/posts"}],"about":[{"href":"https:\/\/agora.xtec.cat\/iesdelvoltreganes\/wp-json\/wp\/v2\/types\/post"}],"author":[{"embeddable":true,"href":"https:\/\/agora.xtec.cat\/iesdelvoltreganes\/wp-json\/wp\/v2\/users\/6"}],"replies":[{"embeddable":true,"href":"https:\/\/agora.xtec.cat\/iesdelvoltreganes\/wp-json\/wp\/v2\/comments?post=1152"}],"version-history":[{"count":3,"href":"https:\/\/agora.xtec.cat\/iesdelvoltreganes\/wp-json\/wp\/v2\/posts\/1152\/revisions"}],"predecessor-version":[{"id":1172,"href":"https:\/\/agora.xtec.cat\/iesdelvoltreganes\/wp-json\/wp\/v2\/posts\/1152\/revisions\/1172"}],"wp:attachment":[{"href":"https:\/\/agora.xtec.cat\/iesdelvoltreganes\/wp-json\/wp\/v2\/media?parent=1152"}],"wp:term":[{"taxonomy":"category","embeddable":true,"href":"https:\/\/agora.xtec.cat\/iesdelvoltreganes\/wp-json\/wp\/v2\/categories?post=1152"},{"taxonomy":"post_tag","embeddable":true,"href":"https:\/\/agora.xtec.cat\/iesdelvoltreganes\/wp-json\/wp\/v2\/tags?post=1152"}],"curies":[{"name":"wp","href":"https:\/\/api.w.org\/{rel}","templated":true}]}}