{"id":1137,"date":"2016-03-09T12:52:23","date_gmt":"2016-03-09T11:52:23","guid":{"rendered":"http:\/\/agora.xtec.cat\/iesdelvoltreganes\/?p=1137"},"modified":"2016-03-17T10:46:14","modified_gmt":"2016-03-17T09:46:14","slug":"premi-llegim-ciencia","status":"publish","type":"post","link":"https:\/\/agora.xtec.cat\/iesdelvoltreganes\/general\/premi-llegim-ciencia\/","title":{"rendered":"Premi Llegim Ci\u00e8ncia"},"content":{"rendered":"<p>El dia 24 de febrer de 2016 els alumnes de 3r d\u2019ESO i 4t d\u2019ESO van assistir a la quarta edici\u00f3 del Premi Llegim Ci\u00e8ncia que es va dur a terme a l\u2019aula magna de la UVic, i que va comptar amb la pres\u00e8ncia de la Dra. M. Pilar Gil, autora de la novel\u00b7la <em>Brahe i Kepler, el misteri d\u2019una mort inesperada<\/em>.<\/p>\n<p>En aquesta edici\u00f3 l\u2019alumna Gemma Auladell de 4t d\u2019ESO va obtenir el tercer premi de la modalitat B: <em>Creus que els aven\u00e7os cient\u00edfics ajuden a desmuntar supersticions, o b\u00e9 penses que preferim atribuir a causes sobrenaturals all\u00f2 que ens \u00e9s dif\u00edcil d\u2019explicar i entendre? Pots posar algun exemple<\/em>.<\/p>\n<p>Els alumnes Marc Aceituno, Gerard Serrat, Johans Pacheco i Anna Brajones de 3r d&#8217;ESO van quedar seleccionats entre els 10 primers en les diferents modalitats.<\/p>\n<p><a href=\"http:\/\/agora.xtec.cat\/iesdelvoltreganes\/wp-content\/uploads\/usu618\/2016\/03\/DSC0078.jpg\"><img loading=\"lazy\" decoding=\"async\" class=\"aligncenter wp-image-1139 size-medium\" src=\"http:\/\/agora.xtec.cat\/iesdelvoltreganes\/wp-content\/uploads\/usu618\/2016\/03\/DSC0078-300x200.jpg\" alt=\"DSC0078\" width=\"300\" height=\"200\" srcset=\"https:\/\/agora.xtec.cat\/iesdelvoltreganes\/wp-content\/uploads\/usu618\/2016\/03\/DSC0078-300x200.jpg 300w, https:\/\/agora.xtec.cat\/iesdelvoltreganes\/wp-content\/uploads\/usu618\/2016\/03\/DSC0078-1024x683.jpg 1024w\" sizes=\"auto, (max-width: 300px) 100vw, 300px\" \/><\/a><\/p>\n<p>&nbsp;<\/p>\n<p><a href=\"http:\/\/agora.xtec.cat\/iesdelvoltreganes\/wp-content\/uploads\/usu618\/2016\/03\/DSC0068-300x200.jpg\"><img loading=\"lazy\" decoding=\"async\" class=\"aligncenter wp-image-1138 size-full\" src=\"http:\/\/agora.xtec.cat\/iesdelvoltreganes\/wp-content\/uploads\/usu618\/2016\/03\/DSC0068-300x200.jpg\" alt=\"DSC0068-300x200\" width=\"300\" height=\"200\" \/><\/a><\/p>\n<p>&nbsp;<\/p>\n<p><a href=\"http:\/\/agora.xtec.cat\/iesdelvoltreganes\/wp-content\/uploads\/usu618\/2016\/03\/bona.jpg\"><img loading=\"lazy\" decoding=\"async\" class=\"aligncenter wp-image-1146 size-medium\" src=\"http:\/\/agora.xtec.cat\/iesdelvoltreganes\/wp-content\/uploads\/usu618\/2016\/03\/bona-300x214.jpg\" alt=\"bona\" width=\"300\" height=\"214\" srcset=\"https:\/\/agora.xtec.cat\/iesdelvoltreganes\/wp-content\/uploads\/usu618\/2016\/03\/bona-300x214.jpg 300w, https:\/\/agora.xtec.cat\/iesdelvoltreganes\/wp-content\/uploads\/usu618\/2016\/03\/bona.jpg 770w\" sizes=\"auto, (max-width: 300px) 100vw, 300px\" \/><\/a><\/p>\n","protected":false},"excerpt":{"rendered":"<p>El dia 24 de febrer de 2016 els alumnes de 3r d\u2019ESO i 4t d\u2019ESO van assistir a la quarta edici\u00f3 del Premi Llegim Ci\u00e8ncia que es va dur a terme a l\u2019aula magna de la UVic, i que va comptar amb la pres\u00e8ncia de&hellip;  <a href=\"https:\/\/agora.xtec.cat\/iesdelvoltreganes\/general\/premi-llegim-ciencia\/\" title=\"Read Premi Llegim Ci\u00e8ncia\">Llegeix m\u00e9s\u00bb<\/a><\/p>\n","protected":false},"author":6,"featured_media":1139,"comment_status":"open","ping_status":"open","sticky":false,"template":"","format":"standard","meta":{"_bbp_topic_count":0,"_bbp_reply_count":0,"_bbp_total_topic_count":0,"_bbp_total_reply_count":0,"_bbp_voice_count":0,"_bbp_anonymous_reply_count":0,"_bbp_topic_count_hidden":0,"_bbp_reply_count_hidden":0,"_bbp_forum_subforum_count":0,"footnotes":""},"categories":[65,1,29],"tags":[39],"class_list":["post-1137","post","type-post","status-publish","format-standard","has-post-thumbnail","hentry","category-ciencies-experimentals","category-general","category-portada","tag-sortides"],"post_mailing_queue_ids":[],"_links":{"self":[{"href":"https:\/\/agora.xtec.cat\/iesdelvoltreganes\/wp-json\/wp\/v2\/posts\/1137","targetHints":{"allow":["GET"]}}],"collection":[{"href":"https:\/\/agora.xtec.cat\/iesdelvoltreganes\/wp-json\/wp\/v2\/posts"}],"about":[{"href":"https:\/\/agora.xtec.cat\/iesdelvoltreganes\/wp-json\/wp\/v2\/types\/post"}],"author":[{"embeddable":true,"href":"https:\/\/agora.xtec.cat\/iesdelvoltreganes\/wp-json\/wp\/v2\/users\/6"}],"replies":[{"embeddable":true,"href":"https:\/\/agora.xtec.cat\/iesdelvoltreganes\/wp-json\/wp\/v2\/comments?post=1137"}],"version-history":[{"count":3,"href":"https:\/\/agora.xtec.cat\/iesdelvoltreganes\/wp-json\/wp\/v2\/posts\/1137\/revisions"}],"predecessor-version":[{"id":1148,"href":"https:\/\/agora.xtec.cat\/iesdelvoltreganes\/wp-json\/wp\/v2\/posts\/1137\/revisions\/1148"}],"wp:featuredmedia":[{"embeddable":true,"href":"https:\/\/agora.xtec.cat\/iesdelvoltreganes\/wp-json\/wp\/v2\/media\/1139"}],"wp:attachment":[{"href":"https:\/\/agora.xtec.cat\/iesdelvoltreganes\/wp-json\/wp\/v2\/media?parent=1137"}],"wp:term":[{"taxonomy":"category","embeddable":true,"href":"https:\/\/agora.xtec.cat\/iesdelvoltreganes\/wp-json\/wp\/v2\/categories?post=1137"},{"taxonomy":"post_tag","embeddable":true,"href":"https:\/\/agora.xtec.cat\/iesdelvoltreganes\/wp-json\/wp\/v2\/tags?post=1137"}],"curies":[{"name":"wp","href":"https:\/\/api.w.org\/{rel}","templated":true}]}}