{"id":1077,"date":"2016-03-02T12:53:27","date_gmt":"2016-03-02T11:53:27","guid":{"rendered":"http:\/\/agora.xtec.cat\/iesdelvoltreganes\/?p=1077"},"modified":"2019-02-26T11:56:27","modified_gmt":"2019-02-26T10:56:27","slug":"dibuix","status":"publish","type":"post","link":"https:\/\/agora.xtec.cat\/iesdelvoltreganes\/arees\/visual-i-plastica\/dibuix\/","title":{"rendered":"Dibuix"},"content":{"rendered":"<p lang=\"ca-ES\">Totes les cultures i tots els grups socials creen les seves pr\u00f2pies imatges que els identifiquen.<\/p>\n<p><span lang=\"ca-ES\">L\u2019art ens mostra gr\u00e0ficament, visualment, la manera de pensar de cada \u00e8poca hist\u00f2rica. Gr\u00e0cies a l\u2019art, es poden comprendre millor les societats del passat.<\/span> <span lang=\"ca-ES\">Tot all\u00f2 que \u00e9s visible pot tenir la capacitat de comunicar, ja siguin comunicats visuals casuals o intencionats. Per\u00f2 la creaci\u00f3 i la comprensi\u00f3 de qualsevol missatge visual intencionat est\u00e0 condicionat per factors culturals i sensorials.<\/span><\/p>\n<p lang=\"ca-ES\">L\u2019art ens ensenya a mirar el m\u00f3n. La capacitat dels artistes per veure el m\u00f3n de manera original, la seva mirada f\u00e8rtil, \u00e9s encara m\u00e9s important que les seves habilitats o qualitats per crear imatges.<\/p>\n<p lang=\"ca-ES\">La mirada dels artistes ens ajuda a tots els altres a veure les coses quotidianes de manera diferent, a superar la mirada rutin\u00e0ria. No tan sols la cultura condiciona el que veiem.<\/p>\n<p lang=\"ca-ES\">Tamb\u00e9 pot succeir que la imatge que constru\u00efm en el nostre cervell no sigui exactament igual\u00a0al que estem veient. Determinades formes s\u00f3n captades pels nostres sentits i interpretades pel nostre cervell de manera que les veiem diferents de com s\u00f3n realment. I tamb\u00e9 hi ha imatges que poden ser\u00a0interpretades de m\u00e9s d\u2019una manera.<\/p>\n","protected":false},"excerpt":{"rendered":"<p>Totes les cultures i tots els grups socials creen les seves pr\u00f2pies imatges que els identifiquen.<br \/>\nL\u2019art ens mostra gr\u00e0ficament, visualment, la manera de pensar de cada \u00e8poca hist\u00f2rica. Gr\u00e0cies a l\u2019art, es poden comprendre millor les societats del passat. Tot all\u00f2 que \u00e9s visible pot&hellip;  <a href=\"https:\/\/agora.xtec.cat\/iesdelvoltreganes\/arees\/visual-i-plastica\/dibuix\/\" title=\"Read Dibuix\">Llegeix m\u00e9s\u00bb<\/a><\/p>\n","protected":false},"author":6,"featured_media":0,"comment_status":"open","ping_status":"closed","sticky":false,"template":"","format":"standard","meta":{"_bbp_topic_count":0,"_bbp_reply_count":0,"_bbp_total_topic_count":0,"_bbp_total_reply_count":0,"_bbp_voice_count":0,"_bbp_anonymous_reply_count":0,"_bbp_topic_count_hidden":0,"_bbp_reply_count_hidden":0,"_bbp_forum_subforum_count":0,"footnotes":""},"categories":[77],"tags":[],"class_list":["post-1077","post","type-post","status-publish","format-standard","hentry","category-visual-i-plastica"],"post_mailing_queue_ids":[],"_links":{"self":[{"href":"https:\/\/agora.xtec.cat\/iesdelvoltreganes\/wp-json\/wp\/v2\/posts\/1077","targetHints":{"allow":["GET"]}}],"collection":[{"href":"https:\/\/agora.xtec.cat\/iesdelvoltreganes\/wp-json\/wp\/v2\/posts"}],"about":[{"href":"https:\/\/agora.xtec.cat\/iesdelvoltreganes\/wp-json\/wp\/v2\/types\/post"}],"author":[{"embeddable":true,"href":"https:\/\/agora.xtec.cat\/iesdelvoltreganes\/wp-json\/wp\/v2\/users\/6"}],"replies":[{"embeddable":true,"href":"https:\/\/agora.xtec.cat\/iesdelvoltreganes\/wp-json\/wp\/v2\/comments?post=1077"}],"version-history":[{"count":3,"href":"https:\/\/agora.xtec.cat\/iesdelvoltreganes\/wp-json\/wp\/v2\/posts\/1077\/revisions"}],"predecessor-version":[{"id":3632,"href":"https:\/\/agora.xtec.cat\/iesdelvoltreganes\/wp-json\/wp\/v2\/posts\/1077\/revisions\/3632"}],"wp:attachment":[{"href":"https:\/\/agora.xtec.cat\/iesdelvoltreganes\/wp-json\/wp\/v2\/media?parent=1077"}],"wp:term":[{"taxonomy":"category","embeddable":true,"href":"https:\/\/agora.xtec.cat\/iesdelvoltreganes\/wp-json\/wp\/v2\/categories?post=1077"},{"taxonomy":"post_tag","embeddable":true,"href":"https:\/\/agora.xtec.cat\/iesdelvoltreganes\/wp-json\/wp\/v2\/tags?post=1077"}],"curies":[{"name":"wp","href":"https:\/\/api.w.org\/{rel}","templated":true}]}}