{"id":1000,"date":"2016-02-05T19:47:14","date_gmt":"2016-02-05T18:47:14","guid":{"rendered":"http:\/\/agora.xtec.cat\/iesdelvoltreganes\/?p=1000"},"modified":"2016-02-17T10:50:47","modified_gmt":"2016-02-17T09:50:47","slug":"visita-al-mnac-a-barcelona","status":"publish","type":"post","link":"https:\/\/agora.xtec.cat\/iesdelvoltreganes\/general\/visita-al-mnac-a-barcelona\/","title":{"rendered":"Visita al MNAC a Barcelona"},"content":{"rendered":"<p>El passat dia 4 de febrer els alumnes\u00a0 d\u2019hist\u00f2ria i d&#8217;hist\u00f2ria de l\u2019art de 2n de batxillerat vam visitar el Museu Nacional d\u2019Art de Catalunya (MNAC) al Palau Nacional de Montju\u00efc\u00a0 i el pavell\u00f3 alemany de Mies van der Rohe, constru\u00eft al 1929 per a l\u2019Exposici\u00f3 Internacional de Barcelona i reconstru\u00eft als anys 80, al mateix empla\u00e7ament original.<\/p>\n<p>El recorregut al MNAC va ser sobretot per les obres d\u2019art contemporani, relacionades amb el curr\u00edculum de la hist\u00f2ria de 2n de batxillerat, fent especial incid\u00e8ncia en les obres de tema hist\u00f2ric (Batalla de Tetuan de Fortuny),\u00a0 les obres modernistes (Casas, Rusinyol, etc) i les obres realitzades en el context de la Guerra Civil (cartells de tem\u00e0tica pol\u00edtica, les obres pel pavell\u00f3 de la Rep\u00fablica de l\u2019Exposici\u00f3 Internacional de Par\u00eds del 1937, i altres obres de les avantguardes).<\/p>\n<p>Amb alguns alumnes tamb\u00e9 vam veure altres obres emblem\u00e0tiques del MNAC com els frescos de Ta\u00fcll i altres obres d\u2019art rom\u00e0nic i l\u2019exposici\u00f3 temporal sobre Xavier Gos\u00e9,\u00a0 les obres del qual reflecteixen l\u2019ambient, el vestuari, la moda de la Belle \u00e9poque a Par\u00eds on va ser un dels principals il\u00b7lustradors i pintors.<\/p>\n<p>Tamb\u00e9 vam poder pujar a les terrasses del palau per veure l\u2019edifici i les vistes de Barcelona.<\/p>\n<p><a href=\"http:\/\/agora.xtec.cat\/iesdelvoltreganes\/wp-content\/uploads\/usu618\/2016\/02\/11.jpg\"><img loading=\"lazy\" decoding=\"async\" class=\"alignnone size-large wp-image-1011\" src=\"http:\/\/agora.xtec.cat\/iesdelvoltreganes\/wp-content\/uploads\/usu618\/2016\/02\/11-1024x576.jpg\" alt=\"1\" width=\"1024\" height=\"576\" srcset=\"https:\/\/agora.xtec.cat\/iesdelvoltreganes\/wp-content\/uploads\/usu618\/2016\/02\/11-1024x576.jpg 1024w, https:\/\/agora.xtec.cat\/iesdelvoltreganes\/wp-content\/uploads\/usu618\/2016\/02\/11-300x169.jpg 300w, https:\/\/agora.xtec.cat\/iesdelvoltreganes\/wp-content\/uploads\/usu618\/2016\/02\/11.jpg 1032w\" sizes=\"auto, (max-width: 1024px) 100vw, 1024px\" \/><\/a><\/p>\n<p>&nbsp;<\/p>\n<p><a href=\"http:\/\/agora.xtec.cat\/iesdelvoltreganes\/wp-content\/uploads\/usu618\/2016\/02\/21.jpg\"><img loading=\"lazy\" decoding=\"async\" class=\"alignnone size-large wp-image-1012\" src=\"http:\/\/agora.xtec.cat\/iesdelvoltreganes\/wp-content\/uploads\/usu618\/2016\/02\/21-1024x576.jpg\" alt=\"2\" width=\"1024\" height=\"576\" srcset=\"https:\/\/agora.xtec.cat\/iesdelvoltreganes\/wp-content\/uploads\/usu618\/2016\/02\/21-1024x576.jpg 1024w, https:\/\/agora.xtec.cat\/iesdelvoltreganes\/wp-content\/uploads\/usu618\/2016\/02\/21-300x169.jpg 300w, https:\/\/agora.xtec.cat\/iesdelvoltreganes\/wp-content\/uploads\/usu618\/2016\/02\/21.jpg 1032w\" sizes=\"auto, (max-width: 1024px) 100vw, 1024px\" \/><\/a><\/p>\n<p>&nbsp;<\/p>\n<p><a href=\"http:\/\/agora.xtec.cat\/iesdelvoltreganes\/wp-content\/uploads\/usu618\/2016\/02\/31.jpg\"><img loading=\"lazy\" decoding=\"async\" class=\"alignnone size-large wp-image-1013\" src=\"http:\/\/agora.xtec.cat\/iesdelvoltreganes\/wp-content\/uploads\/usu618\/2016\/02\/31-1024x576.jpg\" alt=\"3\" width=\"1024\" height=\"576\" srcset=\"https:\/\/agora.xtec.cat\/iesdelvoltreganes\/wp-content\/uploads\/usu618\/2016\/02\/31-1024x576.jpg 1024w, https:\/\/agora.xtec.cat\/iesdelvoltreganes\/wp-content\/uploads\/usu618\/2016\/02\/31-300x169.jpg 300w, https:\/\/agora.xtec.cat\/iesdelvoltreganes\/wp-content\/uploads\/usu618\/2016\/02\/31.jpg 1032w\" sizes=\"auto, (max-width: 1024px) 100vw, 1024px\" \/><\/a><\/p>\n","protected":false},"excerpt":{"rendered":"<p>El passat dia 4 de febrer els alumnes\u00a0 d\u2019hist\u00f2ria i d&#8217;hist\u00f2ria de l\u2019art de 2n de batxillerat vam visitar el Museu Nacional d\u2019Art de Catalunya (MNAC) al Palau Nacional de Montju\u00efc\u00a0 i el pavell\u00f3 alemany de Mies van der Rohe, constru\u00eft al 1929 per a&hellip;  <a href=\"https:\/\/agora.xtec.cat\/iesdelvoltreganes\/general\/visita-al-mnac-a-barcelona\/\" title=\"Read Visita al MNAC a Barcelona\">Llegeix m\u00e9s\u00bb<\/a><\/p>\n","protected":false},"author":6,"featured_media":1002,"comment_status":"open","ping_status":"open","sticky":false,"template":"","format":"standard","meta":{"_bbp_topic_count":0,"_bbp_reply_count":0,"_bbp_total_topic_count":0,"_bbp_total_reply_count":0,"_bbp_voice_count":0,"_bbp_anonymous_reply_count":0,"_bbp_topic_count_hidden":0,"_bbp_reply_count_hidden":0,"_bbp_forum_subforum_count":0,"footnotes":""},"categories":[8,66,1,29],"tags":[39],"class_list":["post-1000","post","type-post","status-publish","format-standard","has-post-thumbnail","hentry","category-batxillerat","category-ciencies-socials","category-general","category-portada","tag-sortides"],"post_mailing_queue_ids":[],"_links":{"self":[{"href":"https:\/\/agora.xtec.cat\/iesdelvoltreganes\/wp-json\/wp\/v2\/posts\/1000","targetHints":{"allow":["GET"]}}],"collection":[{"href":"https:\/\/agora.xtec.cat\/iesdelvoltreganes\/wp-json\/wp\/v2\/posts"}],"about":[{"href":"https:\/\/agora.xtec.cat\/iesdelvoltreganes\/wp-json\/wp\/v2\/types\/post"}],"author":[{"embeddable":true,"href":"https:\/\/agora.xtec.cat\/iesdelvoltreganes\/wp-json\/wp\/v2\/users\/6"}],"replies":[{"embeddable":true,"href":"https:\/\/agora.xtec.cat\/iesdelvoltreganes\/wp-json\/wp\/v2\/comments?post=1000"}],"version-history":[{"count":2,"href":"https:\/\/agora.xtec.cat\/iesdelvoltreganes\/wp-json\/wp\/v2\/posts\/1000\/revisions"}],"predecessor-version":[{"id":1014,"href":"https:\/\/agora.xtec.cat\/iesdelvoltreganes\/wp-json\/wp\/v2\/posts\/1000\/revisions\/1014"}],"wp:featuredmedia":[{"embeddable":true,"href":"https:\/\/agora.xtec.cat\/iesdelvoltreganes\/wp-json\/wp\/v2\/media\/1002"}],"wp:attachment":[{"href":"https:\/\/agora.xtec.cat\/iesdelvoltreganes\/wp-json\/wp\/v2\/media?parent=1000"}],"wp:term":[{"taxonomy":"category","embeddable":true,"href":"https:\/\/agora.xtec.cat\/iesdelvoltreganes\/wp-json\/wp\/v2\/categories?post=1000"},{"taxonomy":"post_tag","embeddable":true,"href":"https:\/\/agora.xtec.cat\/iesdelvoltreganes\/wp-json\/wp\/v2\/tags?post=1000"}],"curies":[{"name":"wp","href":"https:\/\/api.w.org\/{rel}","templated":true}]}}