{"id":9639,"date":"2019-02-12T12:25:53","date_gmt":"2019-02-12T11:25:53","guid":{"rendered":"http:\/\/agora.xtec.cat\/iesdeltebre\/?p=9639"},"modified":"2019-02-12T12:25:53","modified_gmt":"2019-02-12T11:25:53","slug":"ajuts-individuals-de-desplacament-curs-2018-19","status":"publish","type":"post","link":"https:\/\/agora.xtec.cat\/iesdeltebre\/portada\/ajuts-individuals-de-desplacament-curs-2018-19\/","title":{"rendered":"Ajuts individuals de despla\u00e7ament curs 2018-19"},"content":{"rendered":"<p>Els alumnes d&#8217;ESO que tinguin una\u00a0<strong>dist\u00e0ncia m\u00ednima de 3km entre el domicili i el centre escolar\u00a0<\/strong>ja poden sol\u00b7licitar els Ajuts Individuals de Despla\u00e7ament per aquest curs 2018-19.<\/p>\n<p>Trobaran tota la informaci\u00f3 sobre els requisits i el procediment per a sol\u00b7licitarla a<strong> la seu electr\u00f2nica\u00a0<\/strong><a href=\"https:\/\/www.seu-e.cat\/web\/ccbaixebre\" target=\"_blank\" rel=\"noopener\">https:\/\/www.seu-e.cat\/web\/ccbaixebre<\/a>.<\/p>\n<p><strong>Cal recordar que l&#8217;alumnat de Sant Jaume que es despla\u00e7a fins al centre educatiu amb el bus escolar no es pot acollir aquesta beca.<\/strong><\/p>\n<p><strong>En cas contrari, els usuaris del bus escolar que tinguin una distancia de m\u00e9s de 3km del seu domicili de resid\u00e8ncia fins a la parada m\u00e9s propera de bus si que es podran acollir a sol\u00b7licitar aquesta beca.<\/strong><\/p>\n<p><strong>Terminis per presentar les solicituds:<\/strong><\/p>\n<ul>\n<li>De l&#8217;1 al 20 de febrer de 2019 a l&#8217;assistent Social de Deltebre.<\/li>\n<li>Al Consell Comarcal del Baix Ebre fins el dia 28 de febrer de 2019, presencialment o a trav\u00e9s de la seva web electr\u00f2nica\u00a0<a href=\"https:\/\/www.seu-e.cat\/web\/ccbaixebre\" target=\"_blank\" rel=\"noopener\">https:\/\/www.seu-e.cat\/web\/ccbaixebre<\/a><\/li>\n<\/ul>\n","protected":false},"excerpt":{"rendered":"<p>Els alumnes d&#8217;ESO que tinguin una\u00a0dist\u00e0ncia m\u00ednima de 3km entre el domicili i el centre escolar\u00a0ja poden sol\u00b7licitar els Ajuts Individuals de Despla\u00e7ament per aquest curs 2018-19.<br \/>\nTrobaran tota la informaci\u00f3 sobre els requisits i el procediment per a sol\u00b7licitarla a la seu electr\u00f2nica\u00a0<a href=\"https:\/\/www.seu-e.cat\/web\/ccbaixebre\" target=\"_blank\"&hellip;  <a href=\"https:\/\/agora.xtec.cat\/iesdeltebre\/portada\/ajuts-individuals-de-desplacament-curs-2018-19\/\" title=\"Read Ajuts individuals de despla\u00e7ament curs 2018-19\">Llegeix m\u00e9s\u00bb<\/a><\/p>\n","protected":false},"author":1,"featured_media":0,"comment_status":"open","ping_status":"closed","sticky":false,"template":"","format":"standard","meta":{"_bbp_topic_count":0,"_bbp_reply_count":0,"_bbp_total_topic_count":0,"_bbp_total_reply_count":0,"_bbp_voice_count":0,"_bbp_anonymous_reply_count":0,"_bbp_topic_count_hidden":0,"_bbp_reply_count_hidden":0,"_bbp_forum_subforum_count":0,"footnotes":""},"categories":[29],"tags":[],"class_list":["post-9639","post","type-post","status-publish","format-standard","hentry","category-portada"],"post_mailing_queue_ids":[],"_links":{"self":[{"href":"https:\/\/agora.xtec.cat\/iesdeltebre\/wp-json\/wp\/v2\/posts\/9639","targetHints":{"allow":["GET"]}}],"collection":[{"href":"https:\/\/agora.xtec.cat\/iesdeltebre\/wp-json\/wp\/v2\/posts"}],"about":[{"href":"https:\/\/agora.xtec.cat\/iesdeltebre\/wp-json\/wp\/v2\/types\/post"}],"author":[{"embeddable":true,"href":"https:\/\/agora.xtec.cat\/iesdeltebre\/wp-json\/wp\/v2\/users\/1"}],"replies":[{"embeddable":true,"href":"https:\/\/agora.xtec.cat\/iesdeltebre\/wp-json\/wp\/v2\/comments?post=9639"}],"version-history":[{"count":1,"href":"https:\/\/agora.xtec.cat\/iesdeltebre\/wp-json\/wp\/v2\/posts\/9639\/revisions"}],"predecessor-version":[{"id":9640,"href":"https:\/\/agora.xtec.cat\/iesdeltebre\/wp-json\/wp\/v2\/posts\/9639\/revisions\/9640"}],"wp:attachment":[{"href":"https:\/\/agora.xtec.cat\/iesdeltebre\/wp-json\/wp\/v2\/media?parent=9639"}],"wp:term":[{"taxonomy":"category","embeddable":true,"href":"https:\/\/agora.xtec.cat\/iesdeltebre\/wp-json\/wp\/v2\/categories?post=9639"},{"taxonomy":"post_tag","embeddable":true,"href":"https:\/\/agora.xtec.cat\/iesdeltebre\/wp-json\/wp\/v2\/tags?post=9639"}],"curies":[{"name":"wp","href":"https:\/\/api.w.org\/{rel}","templated":true}]}}