{"id":9342,"date":"2018-06-25T09:33:06","date_gmt":"2018-06-25T07:33:06","guid":{"rendered":"http:\/\/agora.xtec.cat\/iesdeltebre\/?p=9342"},"modified":"2018-06-25T09:38:42","modified_gmt":"2018-06-25T07:38:42","slug":"sortida-a-rasquera-credit-de-sintesi-2n-eso","status":"publish","type":"post","link":"https:\/\/agora.xtec.cat\/iesdeltebre\/portada\/sortida-a-rasquera-credit-de-sintesi-2n-eso\/","title":{"rendered":"Sortida a Rasquera. Cr\u00e8dit de S\u00edntesi 2n ESO."},"content":{"rendered":"<p class=\"m_9041569689501789365m_5041365886934960818gmail-Standard\">Els dies 13,14 i 15 de juny, durant el Treball de S\u00edntesi, un total de setanta-tres alumnes i sis professores van estar-se a la casa de col\u00f2nies Ca Manxol, a Rasquera, un petit poble de la Ribera d\u2019Ebre.<\/p>\n<p class=\"m_9041569689501789365m_5041365886934960818gmail-Standard\">\u00a0Hi van realitzar activitats de tot tipus: de coneixen\u00e7a del medi (origen del top\u00f2nim, vegetaci\u00f3, clima, els pastissets t\u00edpics&#8230;), de la hist\u00f2ria (el castell templer de Miravet, la batalla de l\u2019Ebre, el coronel L\u00edster&#8230;), els esports d\u2019aventura (tirolines, curses d\u2019orientaci\u00f3&#8230;), enmig d\u2019un ambient de companyonia, entreteniment i diversi\u00f3.<\/p>\n<p class=\"m_9041569689501789365m_5041365886934960818gmail-Standard\">\u00a0Esperem que tothom hagi descobert coses noves i s\u2019ho hagi passat molt b\u00e9!<\/p>\n<p class=\"m_9041569689501789365m_5041365886934960818gmail-Standard\"><img loading=\"lazy\" decoding=\"async\" class=\"alignnone size-medium wp-image-9341\" src=\"http:\/\/agora.xtec.cat\/iesdeltebre\/wp-content\/uploads\/usu809\/2018\/06\/CAMINADA-COLL-DE-PIUS-5-225x300.jpg\" alt=\"\" width=\"225\" height=\"300\" srcset=\"https:\/\/agora.xtec.cat\/iesdeltebre\/wp-content\/uploads\/usu809\/2018\/06\/CAMINADA-COLL-DE-PIUS-5-225x300.jpg 225w, https:\/\/agora.xtec.cat\/iesdeltebre\/wp-content\/uploads\/usu809\/2018\/06\/CAMINADA-COLL-DE-PIUS-5-768x1024.jpg 768w, https:\/\/agora.xtec.cat\/iesdeltebre\/wp-content\/uploads\/usu809\/2018\/06\/CAMINADA-COLL-DE-PIUS-5.jpg 1200w\" sizes=\"auto, (max-width: 225px) 100vw, 225px\" \/><img loading=\"lazy\" decoding=\"async\" class=\"alignnone size-medium wp-image-9340\" src=\"http:\/\/agora.xtec.cat\/iesdeltebre\/wp-content\/uploads\/usu809\/2018\/06\/PARC-DAVENTURES-dimecres-13-6-300x225.jpg\" alt=\"\" width=\"300\" height=\"225\" srcset=\"https:\/\/agora.xtec.cat\/iesdeltebre\/wp-content\/uploads\/usu809\/2018\/06\/PARC-DAVENTURES-dimecres-13-6-300x225.jpg 300w, https:\/\/agora.xtec.cat\/iesdeltebre\/wp-content\/uploads\/usu809\/2018\/06\/PARC-DAVENTURES-dimecres-13-6-768x576.jpg 768w, https:\/\/agora.xtec.cat\/iesdeltebre\/wp-content\/uploads\/usu809\/2018\/06\/PARC-DAVENTURES-dimecres-13-6-1024x768.jpg 1024w, https:\/\/agora.xtec.cat\/iesdeltebre\/wp-content\/uploads\/usu809\/2018\/06\/PARC-DAVENTURES-dimecres-13-6-200x150.jpg 200w, https:\/\/agora.xtec.cat\/iesdeltebre\/wp-content\/uploads\/usu809\/2018\/06\/PARC-DAVENTURES-dimecres-13-6.jpg 1600w\" sizes=\"auto, (max-width: 300px) 100vw, 300px\" \/><img loading=\"lazy\" decoding=\"async\" class=\"alignnone size-medium wp-image-9339\" src=\"http:\/\/agora.xtec.cat\/iesdeltebre\/wp-content\/uploads\/usu809\/2018\/06\/CASTELL-DE-MIRAVET-divendres-15-16_opt-300x225.jpg\" alt=\"\" width=\"300\" height=\"225\" srcset=\"https:\/\/agora.xtec.cat\/iesdeltebre\/wp-content\/uploads\/usu809\/2018\/06\/CASTELL-DE-MIRAVET-divendres-15-16_opt-300x225.jpg 300w, https:\/\/agora.xtec.cat\/iesdeltebre\/wp-content\/uploads\/usu809\/2018\/06\/CASTELL-DE-MIRAVET-divendres-15-16_opt-768x576.jpg 768w, https:\/\/agora.xtec.cat\/iesdeltebre\/wp-content\/uploads\/usu809\/2018\/06\/CASTELL-DE-MIRAVET-divendres-15-16_opt.jpg 1024w, https:\/\/agora.xtec.cat\/iesdeltebre\/wp-content\/uploads\/usu809\/2018\/06\/CASTELL-DE-MIRAVET-divendres-15-16_opt-200x150.jpg 200w\" sizes=\"auto, (max-width: 300px) 100vw, 300px\" \/><\/p>\n","protected":false},"excerpt":{"rendered":"<p>Els dies 13,14 i 15 de juny, durant el Treball de S\u00edntesi, un total de setanta-tres alumnes i sis professores van estar-se a la casa de col\u00f2nies Ca Manxol, a Rasquera, un petit poble de la Ribera d\u2019Ebre.<br \/>\n\u00a0Hi van realitzar activitats de tot tipus: de&hellip;  <a href=\"https:\/\/agora.xtec.cat\/iesdeltebre\/portada\/sortida-a-rasquera-credit-de-sintesi-2n-eso\/\" title=\"Read Sortida a Rasquera. Cr\u00e8dit de S\u00edntesi 2n ESO.\">Llegeix m\u00e9s\u00bb<\/a><\/p>\n","protected":false},"author":1,"featured_media":9344,"comment_status":"open","ping_status":"closed","sticky":false,"template":"","format":"standard","meta":{"_bbp_topic_count":0,"_bbp_reply_count":0,"_bbp_total_topic_count":0,"_bbp_total_reply_count":0,"_bbp_voice_count":0,"_bbp_anonymous_reply_count":0,"_bbp_topic_count_hidden":0,"_bbp_reply_count_hidden":0,"_bbp_forum_subforum_count":0,"footnotes":""},"categories":[29],"tags":[],"class_list":["post-9342","post","type-post","status-publish","format-standard","has-post-thumbnail","hentry","category-portada"],"post_mailing_queue_ids":[],"_links":{"self":[{"href":"https:\/\/agora.xtec.cat\/iesdeltebre\/wp-json\/wp\/v2\/posts\/9342","targetHints":{"allow":["GET"]}}],"collection":[{"href":"https:\/\/agora.xtec.cat\/iesdeltebre\/wp-json\/wp\/v2\/posts"}],"about":[{"href":"https:\/\/agora.xtec.cat\/iesdeltebre\/wp-json\/wp\/v2\/types\/post"}],"author":[{"embeddable":true,"href":"https:\/\/agora.xtec.cat\/iesdeltebre\/wp-json\/wp\/v2\/users\/1"}],"replies":[{"embeddable":true,"href":"https:\/\/agora.xtec.cat\/iesdeltebre\/wp-json\/wp\/v2\/comments?post=9342"}],"version-history":[{"count":1,"href":"https:\/\/agora.xtec.cat\/iesdeltebre\/wp-json\/wp\/v2\/posts\/9342\/revisions"}],"predecessor-version":[{"id":9343,"href":"https:\/\/agora.xtec.cat\/iesdeltebre\/wp-json\/wp\/v2\/posts\/9342\/revisions\/9343"}],"wp:featuredmedia":[{"embeddable":true,"href":"https:\/\/agora.xtec.cat\/iesdeltebre\/wp-json\/wp\/v2\/media\/9344"}],"wp:attachment":[{"href":"https:\/\/agora.xtec.cat\/iesdeltebre\/wp-json\/wp\/v2\/media?parent=9342"}],"wp:term":[{"taxonomy":"category","embeddable":true,"href":"https:\/\/agora.xtec.cat\/iesdeltebre\/wp-json\/wp\/v2\/categories?post=9342"},{"taxonomy":"post_tag","embeddable":true,"href":"https:\/\/agora.xtec.cat\/iesdeltebre\/wp-json\/wp\/v2\/tags?post=9342"}],"curies":[{"name":"wp","href":"https:\/\/api.w.org\/{rel}","templated":true}]}}