{"id":9328,"date":"2018-06-21T12:00:57","date_gmt":"2018-06-21T10:00:57","guid":{"rendered":"http:\/\/agora.xtec.cat\/iesdeltebre\/?p=9328"},"modified":"2018-06-21T12:08:10","modified_gmt":"2018-06-21T10:08:10","slug":"sortida-als-ports-credit-de-sintesi-3r-eso","status":"publish","type":"post","link":"https:\/\/agora.xtec.cat\/iesdeltebre\/portada\/sortida-als-ports-credit-de-sintesi-3r-eso\/","title":{"rendered":"Sortida als Ports Cr\u00e8dit de S\u00edntesi 3r ESO"},"content":{"rendered":"<p>Els dies 11, 12 i 13 de juny alumnes de 3r d&#8217;ESO, van realitzar la sortida als Ports corresponent al cr\u00e8dit de S\u00edntesi.<\/p>\n<p>Durant aquests tres dies els alumnes van realitzar diferents activitats, com barranquisme (al riu Canaletes), una cursa d&#8217;orientaci\u00f3 als voltants de la zona recreativa de la Franqueta i l&#8217;\u00faltim dia una ruta amb BTT per la via verda del Baix Ebre.<\/p>\n<p>Durant tota la sortida van estar acampats a la zona d&#8217;acampada dels Ateus a Horta de Sant Joan, amb aix\u00f3 van aprendre a organitzar i fer el menjar, conviure amb la natura i amb els seus companys i companyes.<\/p>\n<p><img loading=\"lazy\" decoding=\"async\" class=\"alignnone size-medium wp-image-9330\" src=\"http:\/\/agora.xtec.cat\/iesdeltebre\/wp-content\/uploads\/usu809\/2018\/06\/8-300x225.jpg\" alt=\"\" width=\"300\" height=\"225\" srcset=\"https:\/\/agora.xtec.cat\/iesdeltebre\/wp-content\/uploads\/usu809\/2018\/06\/8-300x225.jpg 300w, https:\/\/agora.xtec.cat\/iesdeltebre\/wp-content\/uploads\/usu809\/2018\/06\/8-768x576.jpg 768w, https:\/\/agora.xtec.cat\/iesdeltebre\/wp-content\/uploads\/usu809\/2018\/06\/8-1024x768.jpg 1024w, https:\/\/agora.xtec.cat\/iesdeltebre\/wp-content\/uploads\/usu809\/2018\/06\/8-200x150.jpg 200w, https:\/\/agora.xtec.cat\/iesdeltebre\/wp-content\/uploads\/usu809\/2018\/06\/8.jpg 1599w\" sizes=\"auto, (max-width: 300px) 100vw, 300px\" \/><img loading=\"lazy\" decoding=\"async\" class=\"alignnone size-medium wp-image-9331\" src=\"http:\/\/agora.xtec.cat\/iesdeltebre\/wp-content\/uploads\/usu809\/2018\/06\/3-300x225.jpg\" alt=\"\" width=\"300\" height=\"225\" srcset=\"https:\/\/agora.xtec.cat\/iesdeltebre\/wp-content\/uploads\/usu809\/2018\/06\/3-300x225.jpg 300w, https:\/\/agora.xtec.cat\/iesdeltebre\/wp-content\/uploads\/usu809\/2018\/06\/3-768x576.jpg 768w, https:\/\/agora.xtec.cat\/iesdeltebre\/wp-content\/uploads\/usu809\/2018\/06\/3-1024x768.jpg 1024w, https:\/\/agora.xtec.cat\/iesdeltebre\/wp-content\/uploads\/usu809\/2018\/06\/3-200x150.jpg 200w, https:\/\/agora.xtec.cat\/iesdeltebre\/wp-content\/uploads\/usu809\/2018\/06\/3.jpg 1599w\" sizes=\"auto, (max-width: 300px) 100vw, 300px\" \/><img loading=\"lazy\" decoding=\"async\" class=\"alignnone size-medium wp-image-9332\" src=\"http:\/\/agora.xtec.cat\/iesdeltebre\/wp-content\/uploads\/usu809\/2018\/06\/2-1-300x225.jpg\" alt=\"\" width=\"300\" height=\"225\" srcset=\"https:\/\/agora.xtec.cat\/iesdeltebre\/wp-content\/uploads\/usu809\/2018\/06\/2-1-300x225.jpg 300w, https:\/\/agora.xtec.cat\/iesdeltebre\/wp-content\/uploads\/usu809\/2018\/06\/2-1-768x576.jpg 768w, https:\/\/agora.xtec.cat\/iesdeltebre\/wp-content\/uploads\/usu809\/2018\/06\/2-1-1024x768.jpg 1024w, https:\/\/agora.xtec.cat\/iesdeltebre\/wp-content\/uploads\/usu809\/2018\/06\/2-1-200x150.jpg 200w, https:\/\/agora.xtec.cat\/iesdeltebre\/wp-content\/uploads\/usu809\/2018\/06\/2-1.jpg 1599w\" sizes=\"auto, (max-width: 300px) 100vw, 300px\" \/><\/p>\n<p>Al seg\u00fcent enlla\u00e7 podeu trobar m\u00e9s imatges de la sortida:\u00a0<a href=\"https:\/\/drive.google.com\/open?id=1830FT-Z5JUrK4zQI9UeOQeV-iwhNxuTY\" target=\"_blank\" rel=\"noopener noreferrer\">Sortida als Ports <\/a><\/p>\n","protected":false},"excerpt":{"rendered":"<p>Els dies 11, 12 i 13 de juny alumnes de 3r d&#8217;ESO, van realitzar la sortida als Ports corresponent al cr\u00e8dit de S\u00edntesi.<br \/>\nDurant aquests tres dies els alumnes van realitzar diferents activitats, com barranquisme (al riu Canaletes), una cursa d&#8217;orientaci\u00f3 als voltants de la zona&hellip;  <a href=\"https:\/\/agora.xtec.cat\/iesdeltebre\/portada\/sortida-als-ports-credit-de-sintesi-3r-eso\/\" title=\"Read Sortida als Ports Cr\u00e8dit de S\u00edntesi 3r ESO\">Llegeix m\u00e9s\u00bb<\/a><\/p>\n","protected":false},"author":1,"featured_media":9334,"comment_status":"open","ping_status":"closed","sticky":false,"template":"","format":"standard","meta":{"_bbp_topic_count":0,"_bbp_reply_count":0,"_bbp_total_topic_count":0,"_bbp_total_reply_count":0,"_bbp_voice_count":0,"_bbp_anonymous_reply_count":0,"_bbp_topic_count_hidden":0,"_bbp_reply_count_hidden":0,"_bbp_forum_subforum_count":0,"footnotes":""},"categories":[29],"tags":[],"class_list":["post-9328","post","type-post","status-publish","format-standard","has-post-thumbnail","hentry","category-portada"],"post_mailing_queue_ids":[],"_links":{"self":[{"href":"https:\/\/agora.xtec.cat\/iesdeltebre\/wp-json\/wp\/v2\/posts\/9328","targetHints":{"allow":["GET"]}}],"collection":[{"href":"https:\/\/agora.xtec.cat\/iesdeltebre\/wp-json\/wp\/v2\/posts"}],"about":[{"href":"https:\/\/agora.xtec.cat\/iesdeltebre\/wp-json\/wp\/v2\/types\/post"}],"author":[{"embeddable":true,"href":"https:\/\/agora.xtec.cat\/iesdeltebre\/wp-json\/wp\/v2\/users\/1"}],"replies":[{"embeddable":true,"href":"https:\/\/agora.xtec.cat\/iesdeltebre\/wp-json\/wp\/v2\/comments?post=9328"}],"version-history":[{"count":1,"href":"https:\/\/agora.xtec.cat\/iesdeltebre\/wp-json\/wp\/v2\/posts\/9328\/revisions"}],"predecessor-version":[{"id":9333,"href":"https:\/\/agora.xtec.cat\/iesdeltebre\/wp-json\/wp\/v2\/posts\/9328\/revisions\/9333"}],"wp:featuredmedia":[{"embeddable":true,"href":"https:\/\/agora.xtec.cat\/iesdeltebre\/wp-json\/wp\/v2\/media\/9334"}],"wp:attachment":[{"href":"https:\/\/agora.xtec.cat\/iesdeltebre\/wp-json\/wp\/v2\/media?parent=9328"}],"wp:term":[{"taxonomy":"category","embeddable":true,"href":"https:\/\/agora.xtec.cat\/iesdeltebre\/wp-json\/wp\/v2\/categories?post=9328"},{"taxonomy":"post_tag","embeddable":true,"href":"https:\/\/agora.xtec.cat\/iesdeltebre\/wp-json\/wp\/v2\/tags?post=9328"}],"curies":[{"name":"wp","href":"https:\/\/api.w.org\/{rel}","templated":true}]}}