{"id":9315,"date":"2018-05-16T09:25:00","date_gmt":"2018-05-16T07:25:00","guid":{"rendered":"http:\/\/agora.xtec.cat\/iesdeltebre\/?p=9315"},"modified":"2018-05-16T09:25:22","modified_gmt":"2018-05-16T07:25:22","slug":"sant-jordi-2018-a-linstitut-de-deltebre","status":"publish","type":"post","link":"https:\/\/agora.xtec.cat\/iesdeltebre\/general\/sant-jordi-2018-a-linstitut-de-deltebre\/","title":{"rendered":"Sant Jordi 2018 a l&#8217;Institut de Deltebre"},"content":{"rendered":"<div class=\"page\" title=\"Page 1\">\n<div class=\"section\">\n<div class=\"layoutArea\">\n<div class=\"column\">\n<p>Dilluns 23 d\u2019abril vam celebrar la Diada de Sant Jordi amb moltes activitats. En primer lloc, tot l\u2019alumnat del centre va participar en la Marat\u00f3 de Lectura, llegint petits textos triats per cadascun. A continuaci\u00f3, els cursos de 1r i 2n d\u2019ESO van anar a l\u2019auditori de Sant Jaume per veure la representaci\u00f3 de l\u2019obra teatral \u201cAdolescents an\u00f2nims\u201d de Meritxell Terrats Cortiella\u200b, \u200ba c\u00e0rrec de d\u2019alguns companys i companyes de l\u2019Institut i la recitaci\u00f3 de poemes en angl\u00e8s, que van ser tot un \u00e8xit.<\/p>\n<p>Mentrestant, 3r i 4t d\u2019ESO participaven en diferents tallers organitzats pels departaments, com ara Kahoots a 3r (amb premis per als guanyadors i guanyadores) , Lettering time , tallers de diferents manualitats (clauers, punts de llibre,&#8230;) per a vendre, pel viatge fi de curs a 4t i un mural de ci\u00e8ncies socials.<\/p>\n<p>Per acabar, a partir d\u2019\u00faltima hora, es van lliurar els premis literaris de Llengua catalana i Llengua Castellana i les diverses distincions del departament de Matem\u00e0tiques.<\/p>\n<p>Donem les gr\u00e0cies a tothom que hi ha participat i esperem que n\u2019hagueu gaudit. Fins al proper any!<\/p>\n<\/div>\n<p>A l&#8217;enlla\u00e7 seg\u00fcent teniu les fotos de les diferents activitats:\u00a0<a href=\"https:\/\/drive.google.com\/open?id=1_SdZey5L0OL9xR_i84N1zKoUa9f-1wMm\" target=\"_blank\" rel=\"noopener noreferrer\">FOTOS<\/a><\/p>\n<\/div>\n<\/div>\n<\/div>\n","protected":false},"excerpt":{"rendered":"<p>Dilluns 23 d\u2019abril vam celebrar la Diada de Sant Jordi amb moltes activitats. En primer lloc, tot l\u2019alumnat del centre va participar en la Marat\u00f3 de Lectura, llegint petits textos triats per cadascun. A continuaci\u00f3, els cursos de 1r i 2n d\u2019ESO van anar a&hellip;  <a href=\"https:\/\/agora.xtec.cat\/iesdeltebre\/general\/sant-jordi-2018-a-linstitut-de-deltebre\/\" title=\"Read Sant Jordi 2018 a l&#8217;Institut de Deltebre\">Llegeix m\u00e9s\u00bb<\/a><\/p>\n","protected":false},"author":1,"featured_media":9314,"comment_status":"open","ping_status":"closed","sticky":false,"template":"","format":"standard","meta":{"_bbp_topic_count":0,"_bbp_reply_count":0,"_bbp_total_topic_count":0,"_bbp_total_reply_count":0,"_bbp_voice_count":0,"_bbp_anonymous_reply_count":0,"_bbp_topic_count_hidden":0,"_bbp_reply_count_hidden":0,"_bbp_forum_subforum_count":0,"footnotes":""},"categories":[1,29],"tags":[],"class_list":["post-9315","post","type-post","status-publish","format-standard","has-post-thumbnail","hentry","category-general","category-portada"],"post_mailing_queue_ids":[],"_links":{"self":[{"href":"https:\/\/agora.xtec.cat\/iesdeltebre\/wp-json\/wp\/v2\/posts\/9315","targetHints":{"allow":["GET"]}}],"collection":[{"href":"https:\/\/agora.xtec.cat\/iesdeltebre\/wp-json\/wp\/v2\/posts"}],"about":[{"href":"https:\/\/agora.xtec.cat\/iesdeltebre\/wp-json\/wp\/v2\/types\/post"}],"author":[{"embeddable":true,"href":"https:\/\/agora.xtec.cat\/iesdeltebre\/wp-json\/wp\/v2\/users\/1"}],"replies":[{"embeddable":true,"href":"https:\/\/agora.xtec.cat\/iesdeltebre\/wp-json\/wp\/v2\/comments?post=9315"}],"version-history":[{"count":1,"href":"https:\/\/agora.xtec.cat\/iesdeltebre\/wp-json\/wp\/v2\/posts\/9315\/revisions"}],"predecessor-version":[{"id":9316,"href":"https:\/\/agora.xtec.cat\/iesdeltebre\/wp-json\/wp\/v2\/posts\/9315\/revisions\/9316"}],"wp:featuredmedia":[{"embeddable":true,"href":"https:\/\/agora.xtec.cat\/iesdeltebre\/wp-json\/wp\/v2\/media\/9314"}],"wp:attachment":[{"href":"https:\/\/agora.xtec.cat\/iesdeltebre\/wp-json\/wp\/v2\/media?parent=9315"}],"wp:term":[{"taxonomy":"category","embeddable":true,"href":"https:\/\/agora.xtec.cat\/iesdeltebre\/wp-json\/wp\/v2\/categories?post=9315"},{"taxonomy":"post_tag","embeddable":true,"href":"https:\/\/agora.xtec.cat\/iesdeltebre\/wp-json\/wp\/v2\/tags?post=9315"}],"curies":[{"name":"wp","href":"https:\/\/api.w.org\/{rel}","templated":true}]}}