{"id":919,"date":"2015-04-15T18:41:33","date_gmt":"2015-04-15T17:41:33","guid":{"rendered":"http:\/\/agora.xtec.cat\/iesdeltebre\/?p=919"},"modified":"2024-04-03T17:05:38","modified_gmt":"2024-04-03T15:05:38","slug":"intercanvi-amb-el-college-les-oliviers","status":"publish","type":"post","link":"https:\/\/agora.xtec.cat\/iesdeltebre\/portada\/intercanvi-amb-el-college-les-oliviers\/","title":{"rendered":"Intercanvi amb el Coll\u00e8ge Les Oliviers"},"content":{"rendered":"<p>L\u2019Institut de Deltebre ha participat en un intercanvi escolar amb l\u2019alumnat del Coll\u00e8ge Les Oliviers, de N\u00eemes, del sud de Fran\u00e7a, del 23 al 27 de mar\u00e7. L\u2019intercanvi est\u00e0 emmarcat dins del projecte GEP del centre (Grup d\u2019Experimentaci\u00f3 per al Pluriling\u00fcisme) en el qual es pret\u00e9n fomentar l\u2019aprenentatge de lleng\u00fces estrangeres i altres trets culturals. Aix\u00ed doncs, la finalitat \u00e9s que els 27 alumnes participants i els professors acompanyants practiquin l\u2019idioma en situacions reals, convisquin amb les fam\u00edlies acollidores (27 fam\u00edlies d\u2019alumnes de 2n, 3r i 4t d\u2019ESO) i coneguin el nostre entorn per mitj\u00e0 de les diferents sortides al Parc Natural del Delta de l\u2019Ebre, Tortosa, Horta de Sant Joan i Tarragona. Est\u00e0 previst prosseguir l\u2019intercanvi el proper curs, probablement el mes de mar\u00e7 o abril, tornant ara el nostre centre la visita al Coll\u00e8ge les Oliviers de N\u00eemes.<\/p>\n<p>Podeu veure totes les fotos de les activitats al seg\u00fcent enlla\u00e7:<\/p>\n<p><a href=\"https:\/\/plus.google.com\/u\/4\/photos\/101901535735306468511\/albums\/6137993089487017345\">Fotos<\/a><\/p>\n<p>&nbsp;<\/p>\n","protected":false},"excerpt":{"rendered":"<p>L\u2019Institut de Deltebre ha participat en un intercanvi escolar amb l\u2019alumnat del Coll\u00e8ge Les Oliviers, de N\u00eemes, del sud de Fran\u00e7a, del 23 al 27 de mar\u00e7. L\u2019intercanvi est\u00e0 emmarcat dins del projecte GEP del centre (Grup d\u2019Experimentaci\u00f3 per al Pluriling\u00fcisme) en el qual es&hellip;  <a href=\"https:\/\/agora.xtec.cat\/iesdeltebre\/portada\/intercanvi-amb-el-college-les-oliviers\/\" title=\"Read Intercanvi amb el Coll\u00e8ge Les Oliviers\">Llegeix m\u00e9s\u00bb<\/a><\/p>\n","protected":false},"author":1,"featured_media":925,"comment_status":"closed","ping_status":"closed","sticky":false,"template":"","format":"standard","meta":{"_bbp_topic_count":0,"_bbp_reply_count":0,"_bbp_total_topic_count":0,"_bbp_total_reply_count":0,"_bbp_voice_count":0,"_bbp_anonymous_reply_count":0,"_bbp_topic_count_hidden":0,"_bbp_reply_count_hidden":0,"_bbp_forum_subforum_count":0,"footnotes":""},"categories":[29],"tags":[],"class_list":["post-919","post","type-post","status-publish","format-standard","has-post-thumbnail","hentry","category-portada"],"post_mailing_queue_ids":[],"_links":{"self":[{"href":"https:\/\/agora.xtec.cat\/iesdeltebre\/wp-json\/wp\/v2\/posts\/919","targetHints":{"allow":["GET"]}}],"collection":[{"href":"https:\/\/agora.xtec.cat\/iesdeltebre\/wp-json\/wp\/v2\/posts"}],"about":[{"href":"https:\/\/agora.xtec.cat\/iesdeltebre\/wp-json\/wp\/v2\/types\/post"}],"author":[{"embeddable":true,"href":"https:\/\/agora.xtec.cat\/iesdeltebre\/wp-json\/wp\/v2\/users\/1"}],"replies":[{"embeddable":true,"href":"https:\/\/agora.xtec.cat\/iesdeltebre\/wp-json\/wp\/v2\/comments?post=919"}],"version-history":[{"count":2,"href":"https:\/\/agora.xtec.cat\/iesdeltebre\/wp-json\/wp\/v2\/posts\/919\/revisions"}],"predecessor-version":[{"id":922,"href":"https:\/\/agora.xtec.cat\/iesdeltebre\/wp-json\/wp\/v2\/posts\/919\/revisions\/922"}],"wp:featuredmedia":[{"embeddable":true,"href":"https:\/\/agora.xtec.cat\/iesdeltebre\/wp-json\/wp\/v2\/media\/925"}],"wp:attachment":[{"href":"https:\/\/agora.xtec.cat\/iesdeltebre\/wp-json\/wp\/v2\/media?parent=919"}],"wp:term":[{"taxonomy":"category","embeddable":true,"href":"https:\/\/agora.xtec.cat\/iesdeltebre\/wp-json\/wp\/v2\/categories?post=919"},{"taxonomy":"post_tag","embeddable":true,"href":"https:\/\/agora.xtec.cat\/iesdeltebre\/wp-json\/wp\/v2\/tags?post=919"}],"curies":[{"name":"wp","href":"https:\/\/api.w.org\/{rel}","templated":true}]}}