{"id":9117,"date":"2017-10-05T13:08:09","date_gmt":"2017-10-05T11:08:09","guid":{"rendered":"http:\/\/agora.xtec.cat\/iesdeltebre\/?p=9117"},"modified":"2017-10-05T13:08:09","modified_gmt":"2017-10-05T11:08:09","slug":"xii-premis-recerca-2017-del-consell-comarcal-del-baix-ebre","status":"publish","type":"post","link":"https:\/\/agora.xtec.cat\/iesdeltebre\/portada\/xii-premis-recerca-2017-del-consell-comarcal-del-baix-ebre\/","title":{"rendered":"XII premis Recerca 2017 del Consell Comarcal del Baix Ebre"},"content":{"rendered":"<p style=\"text-align: center;\"><strong>DOS DE TRES<\/strong><\/p>\n<p style=\"text-align: left;\">Aquest any el lliurament dels XII Premis Recerca 2017 del Consell Comarcal del Baix Ebre ha estat fruct\u00edfer per als nostres alumnes.<\/p>\n<p style=\"text-align: left;\">El jurat va atorgar als estudiants del nostre centre <strong>Ferran Bertomeu Pag\u00e0 <\/strong>i <strong>Anna Mora Sansaloni <\/strong>dos dels tres Premis de Recerca.<\/p>\n<p style=\"text-align: left;\">Descripci\u00f3 del lliurament dels premis a l&#8217;enlla\u00e7 seg\u00fcent: <a href=\"http:\/\/agora.xtec.cat\/iesdeltebre\/wp-content\/uploads\/usu809\/2017\/10\/DOS-DE-TRES.pdf\" target=\"_blank\" rel=\"noopener noreferrer\">DOS DE TRES<\/a><\/p>\n<p style=\"text-align: left;\"><img loading=\"lazy\" decoding=\"async\" class=\"alignnone size-medium wp-image-9112\" src=\"http:\/\/agora.xtec.cat\/iesdeltebre\/wp-content\/uploads\/usu809\/2017\/10\/20170705_195504-300x169.jpg\" alt=\"\" width=\"300\" height=\"169\" srcset=\"https:\/\/agora.xtec.cat\/iesdeltebre\/wp-content\/uploads\/usu809\/2017\/10\/20170705_195504-300x169.jpg 300w, https:\/\/agora.xtec.cat\/iesdeltebre\/wp-content\/uploads\/usu809\/2017\/10\/20170705_195504-768x432.jpg 768w, https:\/\/agora.xtec.cat\/iesdeltebre\/wp-content\/uploads\/usu809\/2017\/10\/20170705_195504-1024x576.jpg 1024w\" sizes=\"auto, (max-width: 300px) 100vw, 300px\" \/><img loading=\"lazy\" decoding=\"async\" class=\"alignnone size-medium wp-image-9111\" src=\"http:\/\/agora.xtec.cat\/iesdeltebre\/wp-content\/uploads\/usu809\/2017\/10\/20170705_192525-300x169.jpg\" alt=\"\" width=\"300\" height=\"169\" srcset=\"https:\/\/agora.xtec.cat\/iesdeltebre\/wp-content\/uploads\/usu809\/2017\/10\/20170705_192525-300x169.jpg 300w, https:\/\/agora.xtec.cat\/iesdeltebre\/wp-content\/uploads\/usu809\/2017\/10\/20170705_192525-768x432.jpg 768w, https:\/\/agora.xtec.cat\/iesdeltebre\/wp-content\/uploads\/usu809\/2017\/10\/20170705_192525-1024x576.jpg 1024w\" sizes=\"auto, (max-width: 300px) 100vw, 300px\" \/><\/p>\n<p style=\"text-align: center;\">\n","protected":false},"excerpt":{"rendered":"<p>DOS DE TRES<br \/>\nAquest any el lliurament dels XII Premis Recerca 2017 del Consell Comarcal del Baix Ebre ha estat fruct\u00edfer per als nostres alumnes.<br \/>\nEl jurat va atorgar als estudiants del nostre centre Ferran Bertomeu Pag\u00e0 i Anna Mora Sansaloni dos dels tres Premis de Recerca.<br \/>\nDescripci\u00f3&hellip;  <a href=\"https:\/\/agora.xtec.cat\/iesdeltebre\/portada\/xii-premis-recerca-2017-del-consell-comarcal-del-baix-ebre\/\" title=\"Read XII premis Recerca 2017 del Consell Comarcal del Baix Ebre\">Llegeix m\u00e9s\u00bb<\/a><\/p>\n","protected":false},"author":1,"featured_media":9113,"comment_status":"open","ping_status":"closed","sticky":false,"template":"","format":"standard","meta":{"_bbp_topic_count":0,"_bbp_reply_count":0,"_bbp_total_topic_count":0,"_bbp_total_reply_count":0,"_bbp_voice_count":0,"_bbp_anonymous_reply_count":0,"_bbp_topic_count_hidden":0,"_bbp_reply_count_hidden":0,"_bbp_forum_subforum_count":0,"footnotes":""},"categories":[29],"tags":[101],"class_list":["post-9117","post","type-post","status-publish","format-standard","has-post-thumbnail","hentry","category-portada","tag-tebnoticies"],"post_mailing_queue_ids":[],"_links":{"self":[{"href":"https:\/\/agora.xtec.cat\/iesdeltebre\/wp-json\/wp\/v2\/posts\/9117","targetHints":{"allow":["GET"]}}],"collection":[{"href":"https:\/\/agora.xtec.cat\/iesdeltebre\/wp-json\/wp\/v2\/posts"}],"about":[{"href":"https:\/\/agora.xtec.cat\/iesdeltebre\/wp-json\/wp\/v2\/types\/post"}],"author":[{"embeddable":true,"href":"https:\/\/agora.xtec.cat\/iesdeltebre\/wp-json\/wp\/v2\/users\/1"}],"replies":[{"embeddable":true,"href":"https:\/\/agora.xtec.cat\/iesdeltebre\/wp-json\/wp\/v2\/comments?post=9117"}],"version-history":[{"count":1,"href":"https:\/\/agora.xtec.cat\/iesdeltebre\/wp-json\/wp\/v2\/posts\/9117\/revisions"}],"predecessor-version":[{"id":9118,"href":"https:\/\/agora.xtec.cat\/iesdeltebre\/wp-json\/wp\/v2\/posts\/9117\/revisions\/9118"}],"wp:featuredmedia":[{"embeddable":true,"href":"https:\/\/agora.xtec.cat\/iesdeltebre\/wp-json\/wp\/v2\/media\/9113"}],"wp:attachment":[{"href":"https:\/\/agora.xtec.cat\/iesdeltebre\/wp-json\/wp\/v2\/media?parent=9117"}],"wp:term":[{"taxonomy":"category","embeddable":true,"href":"https:\/\/agora.xtec.cat\/iesdeltebre\/wp-json\/wp\/v2\/categories?post=9117"},{"taxonomy":"post_tag","embeddable":true,"href":"https:\/\/agora.xtec.cat\/iesdeltebre\/wp-json\/wp\/v2\/tags?post=9117"}],"curies":[{"name":"wp","href":"https:\/\/api.w.org\/{rel}","templated":true}]}}