{"id":20384,"date":"2025-11-06T10:55:40","date_gmt":"2025-11-06T09:55:40","guid":{"rendered":"https:\/\/agora.xtec.cat\/iesdeltebre\/?p=20384"},"modified":"2025-11-14T16:12:42","modified_gmt":"2025-11-14T15:12:42","slug":"eleccions-consell-escolar-curs-2025-2026","status":"publish","type":"post","link":"https:\/\/agora.xtec.cat\/iesdeltebre\/portada\/eleccions-consell-escolar-curs-2025-2026\/","title":{"rendered":"Eleccions consell escolar &#8211; Curs 2025\/2026"},"content":{"rendered":"<hr \/>\n<p><a href=\"https:\/\/agora.xtec.cat\/iesdeltebre\/wp-content\/uploads\/usu809\/2025\/11\/portada.png\"><img loading=\"lazy\" decoding=\"async\" class=\"wp-image-20385 aligncenter\" src=\"https:\/\/agora.xtec.cat\/iesdeltebre\/wp-content\/uploads\/usu809\/2025\/11\/portada-704x1024.png\" alt=\"\" width=\"513\" height=\"746\" srcset=\"https:\/\/agora.xtec.cat\/iesdeltebre\/wp-content\/uploads\/usu809\/2025\/11\/portada-704x1024.png 704w, https:\/\/agora.xtec.cat\/iesdeltebre\/wp-content\/uploads\/usu809\/2025\/11\/portada-206x300.png 206w, https:\/\/agora.xtec.cat\/iesdeltebre\/wp-content\/uploads\/usu809\/2025\/11\/portada.png 737w\" sizes=\"auto, (max-width: 513px) 100vw, 513px\" \/><\/a><\/p>\n<ul>\n<li><a href=\"https:\/\/agora.xtec.cat\/iesdeltebre\/wp-content\/uploads\/usu809\/2025\/11\/1.-Resolucio-convocatoria-renovacio-consells-escolars-centres.pdf\" target=\"_blank\" rel=\"noopener\">Resoluci\u00f3 convocat\u00f2ria renovaci\u00f3 consells escolars centres<\/a><\/li>\n<li><a href=\"https:\/\/agora.xtec.cat\/iesdeltebre\/wp-content\/uploads\/usu809\/2025\/11\/2.-20251027_Convocatoria-eleccions_sig_e-copia.pdf\" target=\"_blank\" rel=\"noopener\">Convocat\u00f2ria eleccions<\/a><\/li>\n<li><a href=\"https:\/\/agora.xtec.cat\/iesdeltebre\/wp-content\/uploads\/usu809\/2025\/11\/3.-Comunicacio-eleccions-consell-Escolar_alumnat_sig.pdf\" target=\"_blank\" rel=\"noopener\">Comunicaci\u00f3 eleccions consell Escolar alumnat<\/a><\/li>\n<li><a href=\"https:\/\/agora.xtec.cat\/iesdeltebre\/wp-content\/uploads\/usu809\/2025\/11\/4.-Comunicacio-eleccions-consell-Escolar_families_sig.pdf\" target=\"_blank\" rel=\"noopener\">Comunicaci\u00f3 eleccions consell Escolar fam\u00edlies<\/a><\/li>\n<li><a href=\"https:\/\/agora.xtec.cat\/iesdeltebre\/wp-content\/uploads\/usu809\/2025\/11\/5.-Comunicacio-eleccions-consell-Escolar_professorat_sig.pdf\" target=\"_blank\" rel=\"noopener\">Comunicaci\u00f3 eleccions consell Escolar professorat<\/a><\/li>\n<li><a href=\"https:\/\/agora.xtec.cat\/iesdeltebre\/wp-content\/uploads\/usu809\/2025\/11\/VOT_pares-mares-tutors-o-tutores-legals_web.pdf\" target=\"_blank\" rel=\"noopener\">Vot pares,mares, tutors o tutores legals<\/a><\/li>\n<li><a href=\"https:\/\/agora.xtec.cat\/iesdeltebre\/wp-content\/uploads\/usu809\/2025\/11\/VOT_alumnat_web.pdf\" target=\"_blank\" rel=\"noopener\">Vot alumnat<\/a><\/li>\n<\/ul>\n<hr \/>\n<p>&nbsp;<\/p>\n","protected":false},"excerpt":{"rendered":"<p><a href=\"https:\/\/agora.xtec.cat\/iesdeltebre\/wp-content\/uploads\/usu809\/2025\/11\/portada.png\"><\/a><\/p>\n<ul>\n<li><a href=\"https:\/\/agora.xtec.cat\/iesdeltebre\/wp-content\/uploads\/usu809\/2025\/11\/1.-Resolucio-convocatoria-renovacio-consells-escolars-centres.pdf\" target=\"_blank\" rel=\"noopener\">Resoluci\u00f3 convocat\u00f2ria renovaci\u00f3 consells escolars centres<\/a><\/li>\n<li><a href=\"https:\/\/agora.xtec.cat\/iesdeltebre\/wp-content\/uploads\/usu809\/2025\/11\/2.-20251027_Convocatoria-eleccions_sig_e-copia.pdf\" target=\"_blank\" rel=\"noopener\">Convocat\u00f2ria eleccions<\/a><\/li>\n<li><a href=\"https:\/\/agora.xtec.cat\/iesdeltebre\/wp-content\/uploads\/usu809\/2025\/11\/3.-Comunicacio-eleccions-consell-Escolar_alumnat_sig.pdf\" target=\"_blank\" rel=\"noopener\">Comunicaci\u00f3 eleccions consell Escolar alumnat<\/a><\/li>\n<li><a href=\"https:\/\/agora.xtec.cat\/iesdeltebre\/wp-content\/uploads\/usu809\/2025\/11\/4.-Comunicacio-eleccions-consell-Escolar_families_sig.pdf\" target=\"_blank\" rel=\"noopener\">Comunicaci\u00f3 eleccions consell Escolar fam\u00edlies<\/a><\/li>\n<li><a href=\"https:\/\/agora.xtec.cat\/iesdeltebre\/wp-content\/uploads\/usu809\/2025\/11\/5.-Comunicacio-eleccions-consell-Escolar_professorat_sig.pdf\" target=\"_blank\" rel=\"noopener\">Comunicaci\u00f3 eleccions consell Escolar professorat<\/a><\/li>\n<li><a href=\"https:\/\/agora.xtec.cat\/iesdeltebre\/wp-content\/uploads\/usu809\/2025\/11\/VOT_pares-mares-tutors-o-tutores-legals_web.pdf\" target=\"_blank\" rel=\"noopener\">Vot pares,mares, tutors o tutores legals<\/a><\/li>\n<li><a href=\"https:\/\/agora.xtec.cat\/iesdeltebre\/wp-content\/uploads\/usu809\/2025\/11\/VOT_alumnat_web.pdf\" target=\"_blank\"&hellip;  <a href=\"https:\/\/agora.xtec.cat\/iesdeltebre\/portada\/eleccions-consell-escolar-curs-2025-2026\/\" title=\"Read Eleccions consell escolar &#8211; Curs 2025\/2026\">Llegeix m\u00e9s\u00bb<\/a><br \/>\n","protected":false},"author":186,"featured_media":0,"comment_status":"open","ping_status":"open","sticky":true,"template":"","format":"standard","meta":{"_bbp_topic_count":0,"_bbp_reply_count":0,"_bbp_total_topic_count":0,"_bbp_total_reply_count":0,"_bbp_voice_count":0,"_bbp_anonymous_reply_count":0,"_bbp_topic_count_hidden":0,"_bbp_reply_count_hidden":0,"_bbp_forum_subforum_count":0,"footnotes":""},"categories":[29],"tags":[],"class_list":["post-20384","post","type-post","status-publish","format-standard","hentry","category-portada"],"post_mailing_queue_ids":[],"_links":{"self":[{"href":"https:\/\/agora.xtec.cat\/iesdeltebre\/wp-json\/wp\/v2\/posts\/20384","targetHints":{"allow":["GET"]}}],"collection":[{"href":"https:\/\/agora.xtec.cat\/iesdeltebre\/wp-json\/wp\/v2\/posts"}],"about":[{"href":"https:\/\/agora.xtec.cat\/iesdeltebre\/wp-json\/wp\/v2\/types\/post"}],"author":[{"embeddable":true,"href":"https:\/\/agora.xtec.cat\/iesdeltebre\/wp-json\/wp\/v2\/users\/186"}],"replies":[{"embeddable":true,"href":"https:\/\/agora.xtec.cat\/iesdeltebre\/wp-json\/wp\/v2\/comments?post=20384"}],"version-history":[{"count":4,"href":"https:\/\/agora.xtec.cat\/iesdeltebre\/wp-json\/wp\/v2\/posts\/20384\/revisions"}],"predecessor-version":[{"id":20397,"href":"https:\/\/agora.xtec.cat\/iesdeltebre\/wp-json\/wp\/v2\/posts\/20384\/revisions\/20397"}],"wp:attachment":[{"href":"https:\/\/agora.xtec.cat\/iesdeltebre\/wp-json\/wp\/v2\/media?parent=20384"}],"wp:term":[{"taxonomy":"category","embeddable":true,"href":"https:\/\/agora.xtec.cat\/iesdeltebre\/wp-json\/wp\/v2\/categories?post=20384"},{"taxonomy":"post_tag","embeddable":true,"href":"https:\/\/agora.xtec.cat\/iesdeltebre\/wp-json\/wp\/v2\/tags?post=20384"}],"curies":[{"name":"wp","href":"https:\/\/api.w.org\/{rel}","templated":true}]}}