{"id":20288,"date":"2025-07-04T11:40:46","date_gmt":"2025-07-04T09:40:46","guid":{"rendered":"https:\/\/agora.xtec.cat\/iesdeltebre\/?p=20288"},"modified":"2025-07-04T11:41:13","modified_gmt":"2025-07-04T09:41:13","slug":"linstitut-de-deltebre-amb-carme-pallares","status":"publish","type":"post","link":"https:\/\/agora.xtec.cat\/iesdeltebre\/portada\/linstitut-de-deltebre-amb-carme-pallares\/","title":{"rendered":"L\u2019Institut de Deltebre amb Carme Pallar\u00e9s"},"content":{"rendered":"<hr \/>\n<p>Professionalitat, dignitat i comprom\u00eds<\/p>\n<p>El Claustre de l\u2019Institut de Deltebre volem manifestar el nostre suport a la companya Carme Pallar\u00e9s per la seua professionalitat i dignitat davant del proc\u00e9s dut a terme per a accedir a la pla\u00e7a p\u00fablica de direcci\u00f3 en un dels centres educatius de secund\u00e0ria de les Terres de l\u2019Ebre.<\/p>\n<p>Carme Pallar\u00e9s s\u2019ha presentat lliurement a un procediment p\u00fablic de direcci\u00f3, passant per totes les fases i arribant fins al final amb la m\u00e0xima puntuaci\u00f3 pels seus m\u00e8rits professionals i pel seu projecte actualitzat i innovador. A partir d\u2019aqu\u00ed, la seua candidatura ha estat objecte d\u2019una desacreditaci\u00f3 constant i medi\u00e0tica que ha culminat amb l\u2019anul\u00b7laci\u00f3 de tot el procediment.<\/p>\n<p>La nostra companya Carme porta treballant a l\u2019Institut de Deltebre els darrers dotze anys, deu dels quals com a Cap d\u2019Estudis Adjunta, liderant projectes de tutoria, mediaci\u00f3, solidaritat, enfocament restauratiu\u2026 sempre amb una actitud d\u2019escolta activa i de resoluci\u00f3 de conflictes, pensant tothora en el b\u00e9 de l\u2019alumnat i de les fam\u00edlies, aix\u00ed com en el benestar del professorat.<\/p>\n<p>L\u2019Institut de Deltebre, amb un equip d\u2019una qualitat humana i professional enorme, no hem dubtat mai d&#8217;adherir-nos a tot tipus de programes de millora educativa i innovaci\u00f3 sempre pel progr\u00e9s del nostre alumnat, fet que avalen els darrers resultats acad\u00e8mics obtinguts.<\/p>\n<p>Volem deixar clar que el Claustre de l\u2019Institut de Deltebre ens sentim immensament orgullosos i orgulloses de la continu\u00eftat de Carme com a membre del nostre Claustre de professorat.<\/p>\n<p>Carme, gr\u00e0cies per poder continuar aprenent de tu i amb tu!<\/p>\n<p>CLAUSTRE DE L\u2019INSTITUT DE DELTEBRE<\/p>\n<p><a href=\"https:\/\/agora.xtec.cat\/iesdeltebre\/wp-content\/uploads\/usu809\/2025\/07\/claustre.png\"><img loading=\"lazy\" decoding=\"async\" class=\"alignnone size-full wp-image-20289\" src=\"https:\/\/agora.xtec.cat\/iesdeltebre\/wp-content\/uploads\/usu809\/2025\/07\/claustre.png\" alt=\"\" width=\"748\" height=\"748\" srcset=\"https:\/\/agora.xtec.cat\/iesdeltebre\/wp-content\/uploads\/usu809\/2025\/07\/claustre.png 748w, https:\/\/agora.xtec.cat\/iesdeltebre\/wp-content\/uploads\/usu809\/2025\/07\/claustre-300x300.png 300w, https:\/\/agora.xtec.cat\/iesdeltebre\/wp-content\/uploads\/usu809\/2025\/07\/claustre-150x150.png 150w\" sizes=\"auto, (max-width: 748px) 100vw, 748px\" \/><\/a><\/p>\n<hr \/>\n<p>&nbsp;<\/p>\n","protected":false},"excerpt":{"rendered":"<p>Professionalitat, dignitat i comprom\u00eds<br \/>\nEl Claustre de l\u2019Institut de Deltebre volem manifestar el nostre suport a la companya Carme Pallar\u00e9s per la seua professionalitat i dignitat davant del proc\u00e9s dut a terme per a accedir a la pla\u00e7a p\u00fablica de direcci\u00f3 en un dels centres educatius&hellip;  <a href=\"https:\/\/agora.xtec.cat\/iesdeltebre\/portada\/linstitut-de-deltebre-amb-carme-pallares\/\" title=\"Read L\u2019Institut de Deltebre amb Carme Pallar\u00e9s\">Llegeix m\u00e9s\u00bb<\/a><\/p>\n","protected":false},"author":154,"featured_media":0,"comment_status":"closed","ping_status":"open","sticky":true,"template":"","format":"standard","meta":{"_bbp_topic_count":0,"_bbp_reply_count":0,"_bbp_total_topic_count":0,"_bbp_total_reply_count":0,"_bbp_voice_count":0,"_bbp_anonymous_reply_count":0,"_bbp_topic_count_hidden":0,"_bbp_reply_count_hidden":0,"_bbp_forum_subforum_count":0,"footnotes":""},"categories":[29],"tags":[],"class_list":["post-20288","post","type-post","status-publish","format-standard","hentry","category-portada"],"post_mailing_queue_ids":[],"_links":{"self":[{"href":"https:\/\/agora.xtec.cat\/iesdeltebre\/wp-json\/wp\/v2\/posts\/20288","targetHints":{"allow":["GET"]}}],"collection":[{"href":"https:\/\/agora.xtec.cat\/iesdeltebre\/wp-json\/wp\/v2\/posts"}],"about":[{"href":"https:\/\/agora.xtec.cat\/iesdeltebre\/wp-json\/wp\/v2\/types\/post"}],"author":[{"embeddable":true,"href":"https:\/\/agora.xtec.cat\/iesdeltebre\/wp-json\/wp\/v2\/users\/154"}],"replies":[{"embeddable":true,"href":"https:\/\/agora.xtec.cat\/iesdeltebre\/wp-json\/wp\/v2\/comments?post=20288"}],"version-history":[{"count":1,"href":"https:\/\/agora.xtec.cat\/iesdeltebre\/wp-json\/wp\/v2\/posts\/20288\/revisions"}],"predecessor-version":[{"id":20290,"href":"https:\/\/agora.xtec.cat\/iesdeltebre\/wp-json\/wp\/v2\/posts\/20288\/revisions\/20290"}],"wp:attachment":[{"href":"https:\/\/agora.xtec.cat\/iesdeltebre\/wp-json\/wp\/v2\/media?parent=20288"}],"wp:term":[{"taxonomy":"category","embeddable":true,"href":"https:\/\/agora.xtec.cat\/iesdeltebre\/wp-json\/wp\/v2\/categories?post=20288"},{"taxonomy":"post_tag","embeddable":true,"href":"https:\/\/agora.xtec.cat\/iesdeltebre\/wp-json\/wp\/v2\/tags?post=20288"}],"curies":[{"name":"wp","href":"https:\/\/api.w.org\/{rel}","templated":true}]}}