{"id":20209,"date":"2025-05-08T12:14:20","date_gmt":"2025-05-08T10:14:20","guid":{"rendered":"https:\/\/agora.xtec.cat\/iesdeltebre\/?p=20209"},"modified":"2025-06-02T11:47:05","modified_gmt":"2025-06-02T09:47:05","slug":"jornada-empreses-construccio-19-maig-2025","status":"publish","type":"post","link":"https:\/\/agora.xtec.cat\/iesdeltebre\/portada\/jornada-empreses-construccio-19-maig-2025\/","title":{"rendered":"JORNADA EMPRESES CONSTRUCCI\u00d3 &#8211; 19 MAIG 2025"},"content":{"rendered":"<hr \/>\n<p style=\"text-align: center;\"><a href=\"https:\/\/agora.xtec.cat\/iesdeltebre\/wp-content\/uploads\/usu809\/2025\/05\/construccio.jpg\"><img loading=\"lazy\" decoding=\"async\" class=\"alignnone wp-image-20210\" src=\"https:\/\/agora.xtec.cat\/iesdeltebre\/wp-content\/uploads\/usu809\/2025\/05\/construccio-819x1024.jpg\" alt=\"\" width=\"623\" height=\"779\" srcset=\"https:\/\/agora.xtec.cat\/iesdeltebre\/wp-content\/uploads\/usu809\/2025\/05\/construccio-819x1024.jpg 819w, https:\/\/agora.xtec.cat\/iesdeltebre\/wp-content\/uploads\/usu809\/2025\/05\/construccio-240x300.jpg 240w, https:\/\/agora.xtec.cat\/iesdeltebre\/wp-content\/uploads\/usu809\/2025\/05\/construccio-768x960.jpg 768w, https:\/\/agora.xtec.cat\/iesdeltebre\/wp-content\/uploads\/usu809\/2025\/05\/construccio.jpg 1080w\" sizes=\"auto, (max-width: 623px) 100vw, 623px\" \/><\/a><\/p>\n<p>Benvolguts i benvolgudes,<br \/>\nDes del Consell Comarcal del Baix Ebre i l&#8217;Institut de Deltebre, us volem convidar a una jornada per parlar sobre el relleu generacional a les empreses. Ser\u00e0 una gran oportunitat per compartir experi\u00e8ncies, idees i trobar solucions conjuntes.<br \/>\nEns agradaria molt comptar amb la vostra pres\u00e8ncia i participaci\u00f3!<\/p>\n<p>\ud83d\udce3 GENERACI\u00d3 CONSTRUCCI\u00d3: IMPULSEM EL TALENT DEL DEM\u00c0! \ud83d\udee0\ufe0f\u2728<\/p>\n<p>\ud83d\uddd3 Dia: 19 de maig de 2025<br \/>\n\u23f0 Hora: de 9:30 a 11:30<br \/>\n\ud83d\udccd Lloc: Institut de Deltebre<\/p>\n<p>Programa:<br \/>\n\ud83d\udd39 9.30 h \u2013 Benvinguda<br \/>\n\ud83d\udd39 10 h \u2013 Repte: Com atraiem nous treballadors al sector? Empreses, alumnat i professorat cocrearan una campanya comunicativa.<br \/>\n\ud83d\udd39 11 h \u2013 Visita a les instal\u00b7lacions i mostra del treball fet per l&#8217;alumnat<br \/>\n\ud83d\udd39 11.15 h \u2013 Espai de networking + clausura<br \/>\n\ud83d\udd39 11.30 h \u2013 Fi de la jornada<\/p>\n<p>Inscripcions aqu\u00ed \ud83d\udd17 <a href=\"https:\/\/forms.office.com\/e\/Y6EJz5hkJB\" target=\"_blank\" rel=\"noopener\">https:\/\/forms.office.com\/e\/Y6EJz5hkJB<\/a><\/p>\n<hr \/>\n<p>&nbsp;<\/p>\n","protected":false},"excerpt":{"rendered":"<p><a href=\"https:\/\/agora.xtec.cat\/iesdeltebre\/wp-content\/uploads\/usu809\/2025\/05\/construccio.jpg\"><\/a><br \/>\nBenvolguts i benvolgudes,<br \/>\nDes del Consell Comarcal del Baix Ebre i l&#8217;Institut de Deltebre, us volem convidar a una jornada per parlar sobre el relleu generacional a les empreses. Ser\u00e0 una gran oportunitat per compartir experi\u00e8ncies, idees i trobar solucions conjuntes.<br \/>\nEns agradaria molt comptar amb&hellip;  <a href=\"https:\/\/agora.xtec.cat\/iesdeltebre\/portada\/jornada-empreses-construccio-19-maig-2025\/\" title=\"Read JORNADA EMPRESES CONSTRUCCI\u00d3 &#8211; 19 MAIG 2025\">Llegeix m\u00e9s\u00bb<\/a><\/p>\n","protected":false},"author":186,"featured_media":0,"comment_status":"closed","ping_status":"closed","sticky":false,"template":"","format":"standard","meta":{"_bbp_topic_count":0,"_bbp_reply_count":0,"_bbp_total_topic_count":0,"_bbp_total_reply_count":0,"_bbp_voice_count":0,"_bbp_anonymous_reply_count":0,"_bbp_topic_count_hidden":0,"_bbp_reply_count_hidden":0,"_bbp_forum_subforum_count":0,"footnotes":""},"categories":[29],"tags":[],"class_list":["post-20209","post","type-post","status-publish","format-standard","hentry","category-portada"],"post_mailing_queue_ids":[],"_links":{"self":[{"href":"https:\/\/agora.xtec.cat\/iesdeltebre\/wp-json\/wp\/v2\/posts\/20209","targetHints":{"allow":["GET"]}}],"collection":[{"href":"https:\/\/agora.xtec.cat\/iesdeltebre\/wp-json\/wp\/v2\/posts"}],"about":[{"href":"https:\/\/agora.xtec.cat\/iesdeltebre\/wp-json\/wp\/v2\/types\/post"}],"author":[{"embeddable":true,"href":"https:\/\/agora.xtec.cat\/iesdeltebre\/wp-json\/wp\/v2\/users\/186"}],"replies":[{"embeddable":true,"href":"https:\/\/agora.xtec.cat\/iesdeltebre\/wp-json\/wp\/v2\/comments?post=20209"}],"version-history":[{"count":2,"href":"https:\/\/agora.xtec.cat\/iesdeltebre\/wp-json\/wp\/v2\/posts\/20209\/revisions"}],"predecessor-version":[{"id":20212,"href":"https:\/\/agora.xtec.cat\/iesdeltebre\/wp-json\/wp\/v2\/posts\/20209\/revisions\/20212"}],"wp:attachment":[{"href":"https:\/\/agora.xtec.cat\/iesdeltebre\/wp-json\/wp\/v2\/media?parent=20209"}],"wp:term":[{"taxonomy":"category","embeddable":true,"href":"https:\/\/agora.xtec.cat\/iesdeltebre\/wp-json\/wp\/v2\/categories?post=20209"},{"taxonomy":"post_tag","embeddable":true,"href":"https:\/\/agora.xtec.cat\/iesdeltebre\/wp-json\/wp\/v2\/tags?post=20209"}],"curies":[{"name":"wp","href":"https:\/\/api.w.org\/{rel}","templated":true}]}}