{"id":19985,"date":"2024-07-09T11:27:34","date_gmt":"2024-07-09T09:27:34","guid":{"rendered":"https:\/\/agora.xtec.cat\/iesdeltebre\/?p=19985"},"modified":"2025-03-04T22:02:33","modified_gmt":"2025-03-04T21:02:33","slug":"acte-entrega-dorles-curs-2023-24","status":"publish","type":"post","link":"https:\/\/agora.xtec.cat\/iesdeltebre\/portada\/acte-entrega-dorles-curs-2023-24\/","title":{"rendered":"Acte entrega d\u2019orles curs 2023\/24"},"content":{"rendered":"<hr \/>\n<p>El passat dijous 27 de juny va tenir lloc l&#8217;acte de graduaci\u00f3 i cloenda del curs 2023\/24 a l\u2019Institut de Deltebre de l\u2019alumnat que finalitzava etapa aquest curs: ESO, Batxillerat, CFGM Gesti\u00f3 administrativa, CFGM Construcci\u00f3 i FP B\u00e0sica d\u2019Inform\u00e0tica d\u2019oficina. Van ser un total de 208 alumnes de les poblacions del nostre Delta: Deltebre, Sant Jaume d&#8217;Enveja i Els Muntells.<\/p>\n<p>Aquest any hem tingut a l\u2019acte com a convidat especial el nostra exalumne Joaquim De la Cruz Pag\u00e1, graduat en Enginyeria Inform\u00e0tica per la Universitat Polit\u00e8cnica de Catalunya. Tot un exemple d&#8217;emprenedoria i esperit transformador.<\/p>\n<p>Des del centre no vol\u00edem acabar aquest curs escolar sense fer un petit homenatge de reconeixement a aquestes generacions que han finalitzat una etapa escolar amb nosaltres.<\/p>\n<p>Esperem que els vagi molt b\u00e9 en aquesta nova etapa acad\u00e8mica\/professional que comencen. Enhorabona a tots i a totes !!!<\/p>\n<p><a href=\"https:\/\/agora.xtec.cat\/iesdeltebre\/wp-content\/uploads\/usu809\/2024\/07\/IMG_8028-scaled.jpg\"><img loading=\"lazy\" decoding=\"async\" class=\"alignnone size-large wp-image-19986\" src=\"https:\/\/agora.xtec.cat\/iesdeltebre\/wp-content\/uploads\/usu809\/2024\/07\/IMG_8028-1024x647.jpg\" alt=\"\" width=\"1024\" height=\"647\" srcset=\"https:\/\/agora.xtec.cat\/iesdeltebre\/wp-content\/uploads\/usu809\/2024\/07\/IMG_8028-1024x647.jpg 1024w, https:\/\/agora.xtec.cat\/iesdeltebre\/wp-content\/uploads\/usu809\/2024\/07\/IMG_8028-300x190.jpg 300w, https:\/\/agora.xtec.cat\/iesdeltebre\/wp-content\/uploads\/usu809\/2024\/07\/IMG_8028-768x486.jpg 768w, https:\/\/agora.xtec.cat\/iesdeltebre\/wp-content\/uploads\/usu809\/2024\/07\/IMG_8028-1536x971.jpg 1536w, https:\/\/agora.xtec.cat\/iesdeltebre\/wp-content\/uploads\/usu809\/2024\/07\/IMG_8028-2048x1295.jpg 2048w\" sizes=\"auto, (max-width: 1024px) 100vw, 1024px\" \/><\/a><\/p>\n<p>A l\u2019enlla\u00e7 seg\u00fcent podeu visualitzar les fotografies de l<a href=\"https:\/\/drive.google.com\/drive\/folders\/1mQolCTSw4ytaqHUVvv5jlZ-0CEKk0y8G\" target=\"_blank\" rel=\"noopener\">&#8216;acte de graduaci\u00f3<\/a><\/p>\n<p>A l\u2019enlla\u00e7 seg\u00fcent podeu visualitzar les fotografies de les <a href=\"https:\/\/drive.google.com\/drive\/folders\/1oz_T-Phu4pTbj7JQacW4iBx89dfdk7v4\" target=\"_blank\" rel=\"noopener\">orles del grup classe<\/a><\/p>\n<hr \/>\n<p>&nbsp;<\/p>\n","protected":false},"excerpt":{"rendered":"<p>El passat dijous 27 de juny va tenir lloc l&#8217;acte de graduaci\u00f3 i cloenda del curs 2023\/24 a l\u2019Institut de Deltebre de l\u2019alumnat que finalitzava etapa aquest curs: ESO, Batxillerat, CFGM Gesti\u00f3 administrativa, CFGM Construcci\u00f3 i FP B\u00e0sica d\u2019Inform\u00e0tica d\u2019oficina. Van ser un total de&hellip;  <a href=\"https:\/\/agora.xtec.cat\/iesdeltebre\/portada\/acte-entrega-dorles-curs-2023-24\/\" title=\"Read Acte entrega d\u2019orles curs 2023\/24\">Llegeix m\u00e9s\u00bb<\/a><\/p>\n","protected":false},"author":186,"featured_media":0,"comment_status":"closed","ping_status":"closed","sticky":false,"template":"","format":"standard","meta":{"_bbp_topic_count":0,"_bbp_reply_count":0,"_bbp_total_topic_count":0,"_bbp_total_reply_count":0,"_bbp_voice_count":0,"_bbp_anonymous_reply_count":0,"_bbp_topic_count_hidden":0,"_bbp_reply_count_hidden":0,"_bbp_forum_subforum_count":0,"footnotes":""},"categories":[29],"tags":[],"class_list":["post-19985","post","type-post","status-publish","format-standard","hentry","category-portada"],"post_mailing_queue_ids":[],"_links":{"self":[{"href":"https:\/\/agora.xtec.cat\/iesdeltebre\/wp-json\/wp\/v2\/posts\/19985","targetHints":{"allow":["GET"]}}],"collection":[{"href":"https:\/\/agora.xtec.cat\/iesdeltebre\/wp-json\/wp\/v2\/posts"}],"about":[{"href":"https:\/\/agora.xtec.cat\/iesdeltebre\/wp-json\/wp\/v2\/types\/post"}],"author":[{"embeddable":true,"href":"https:\/\/agora.xtec.cat\/iesdeltebre\/wp-json\/wp\/v2\/users\/186"}],"replies":[{"embeddable":true,"href":"https:\/\/agora.xtec.cat\/iesdeltebre\/wp-json\/wp\/v2\/comments?post=19985"}],"version-history":[{"count":2,"href":"https:\/\/agora.xtec.cat\/iesdeltebre\/wp-json\/wp\/v2\/posts\/19985\/revisions"}],"predecessor-version":[{"id":19988,"href":"https:\/\/agora.xtec.cat\/iesdeltebre\/wp-json\/wp\/v2\/posts\/19985\/revisions\/19988"}],"wp:attachment":[{"href":"https:\/\/agora.xtec.cat\/iesdeltebre\/wp-json\/wp\/v2\/media?parent=19985"}],"wp:term":[{"taxonomy":"category","embeddable":true,"href":"https:\/\/agora.xtec.cat\/iesdeltebre\/wp-json\/wp\/v2\/categories?post=19985"},{"taxonomy":"post_tag","embeddable":true,"href":"https:\/\/agora.xtec.cat\/iesdeltebre\/wp-json\/wp\/v2\/tags?post=19985"}],"curies":[{"name":"wp","href":"https:\/\/api.w.org\/{rel}","templated":true}]}}