{"id":19785,"date":"2023-07-15T15:48:33","date_gmt":"2023-07-15T13:48:33","guid":{"rendered":"https:\/\/agora.xtec.cat\/iesdeltebre\/?p=19785"},"modified":"2023-10-25T11:54:21","modified_gmt":"2023-10-25T09:54:21","slug":"obres-per-a-la-millora-energetica","status":"publish","type":"post","link":"https:\/\/agora.xtec.cat\/iesdeltebre\/portada\/obres-per-a-la-millora-energetica\/","title":{"rendered":"Obres per a la millora energ\u00e8tica"},"content":{"rendered":"<hr \/>\n<p>En els propers dies comen\u00e7aran les obres de substituci\u00f3 de fusteries per a la millora energ\u00e8tica en aquest institut que es preveu que finalitzin abans de final d\u2019any.<\/p>\n<p>Les obres consisteixen en l\u2019actuaci\u00f3 sobre dues de les fa\u00e7anes de l\u2019edifici per substituir-hi finestres existents i col\u00b7locar a\u00efllament t\u00e8rmic als calaixos de les persianes, sense afectar les persianes existents, i en el canvi d\u2019algunes de les claraboies fixes de coberta i d\u2019alguns trams del lluernari, per claraboies practicables amb sistema d\u2019obertura autom\u00e0tica mitjan\u00e7ant control remot, per millorar-ne la ventilaci\u00f3 de les zones comunes i el confort t\u00e8rmic.<\/p>\n<p>Aquestes obres estan incloses al Pla Director d\u2019infraestructures Educatives, que cont\u00e9 la planificaci\u00f3 de les actuacions de construcci\u00f3 de nous centres i ampliacions per\u00f2 tamb\u00e9 les obres de rehabilitaci\u00f3, adequaci\u00f3 i millora. Concretament les obres d\u2019aquest centre persegueixen millorar l\u2019efici\u00e8ncia energ\u00e8tica i augmentar la confortabilitat de les instal\u00b7lacions.<\/p>\n<p>Aquestes obres s\u00f3n finan\u00e7ades per la Uni\u00f3 Europea mitjan\u00e7ant el fons REACT\u2013UE com a part de de la resposta de la Uni\u00f3 a la pand\u00e8mia de COVID-19, dins de l\u2019objectiu espec\u00edfic donar resposta a les necessitats d\u2019escolaritzaci\u00f3 dels ensenyaments obligatoris o universals en el marc del dret a l\u2019educaci\u00f3.<\/p>\n<p>Podeu trobar m\u00e9s informaci\u00f3 sobre la programaci\u00f3 de totes les obres en infraestructures escolars finan\u00e7ades amb Fons REACT-UE en <a href=\"https:\/\/educacio.gencat.cat\/ca\/departament\/fons-europeus\/feder\/programa-operatiu-14-20\/comunicacio\/infraestructura-escolar\/\" target=\"_blank\" rel=\"noopener\"><span style=\"font-weight: 400;\">aquest enlla\u00e7<\/span><\/a><span style=\"font-weight: 400;\">.<\/span><\/p>\n<p style=\"text-align: center;\"><a href=\"https:\/\/agora.xtec.cat\/iesdeltebre\/wp-content\/uploads\/usu809\/2023\/07\/peu-pagina-transparent.png\"><img loading=\"lazy\" decoding=\"async\" class=\"alignnone size-full wp-image-19789\" src=\"https:\/\/agora.xtec.cat\/iesdeltebre\/wp-content\/uploads\/usu809\/2023\/07\/peu-pagina-transparent.png\" alt=\"\" width=\"786\" height=\"238\" srcset=\"https:\/\/agora.xtec.cat\/iesdeltebre\/wp-content\/uploads\/usu809\/2023\/07\/peu-pagina-transparent.png 786w, https:\/\/agora.xtec.cat\/iesdeltebre\/wp-content\/uploads\/usu809\/2023\/07\/peu-pagina-transparent-300x91.png 300w, https:\/\/agora.xtec.cat\/iesdeltebre\/wp-content\/uploads\/usu809\/2023\/07\/peu-pagina-transparent-768x233.png 768w\" sizes=\"auto, (max-width: 786px) 100vw, 786px\" \/><\/a><\/p>\n<hr \/>\n","protected":false},"excerpt":{"rendered":"<p>En els propers dies comen\u00e7aran les obres de substituci\u00f3 de fusteries per a la millora energ\u00e8tica en aquest institut que es preveu que finalitzin abans de final d\u2019any.<br \/>\nLes obres consisteixen en l\u2019actuaci\u00f3 sobre dues de les fa\u00e7anes de l\u2019edifici per substituir-hi finestres existents i col\u00b7locar&hellip;  <a href=\"https:\/\/agora.xtec.cat\/iesdeltebre\/portada\/obres-per-a-la-millora-energetica\/\" title=\"Read Obres per a la millora energ\u00e8tica\">Llegeix m\u00e9s\u00bb<\/a><\/p>\n","protected":false},"author":154,"featured_media":0,"comment_status":"closed","ping_status":"closed","sticky":false,"template":"","format":"standard","meta":{"_bbp_topic_count":0,"_bbp_reply_count":0,"_bbp_total_topic_count":0,"_bbp_total_reply_count":0,"_bbp_voice_count":0,"_bbp_anonymous_reply_count":0,"_bbp_topic_count_hidden":0,"_bbp_reply_count_hidden":0,"_bbp_forum_subforum_count":0,"footnotes":""},"categories":[29],"tags":[],"class_list":["post-19785","post","type-post","status-publish","format-standard","hentry","category-portada"],"post_mailing_queue_ids":[],"_links":{"self":[{"href":"https:\/\/agora.xtec.cat\/iesdeltebre\/wp-json\/wp\/v2\/posts\/19785","targetHints":{"allow":["GET"]}}],"collection":[{"href":"https:\/\/agora.xtec.cat\/iesdeltebre\/wp-json\/wp\/v2\/posts"}],"about":[{"href":"https:\/\/agora.xtec.cat\/iesdeltebre\/wp-json\/wp\/v2\/types\/post"}],"author":[{"embeddable":true,"href":"https:\/\/agora.xtec.cat\/iesdeltebre\/wp-json\/wp\/v2\/users\/154"}],"replies":[{"embeddable":true,"href":"https:\/\/agora.xtec.cat\/iesdeltebre\/wp-json\/wp\/v2\/comments?post=19785"}],"version-history":[{"count":3,"href":"https:\/\/agora.xtec.cat\/iesdeltebre\/wp-json\/wp\/v2\/posts\/19785\/revisions"}],"predecessor-version":[{"id":19791,"href":"https:\/\/agora.xtec.cat\/iesdeltebre\/wp-json\/wp\/v2\/posts\/19785\/revisions\/19791"}],"wp:attachment":[{"href":"https:\/\/agora.xtec.cat\/iesdeltebre\/wp-json\/wp\/v2\/media?parent=19785"}],"wp:term":[{"taxonomy":"category","embeddable":true,"href":"https:\/\/agora.xtec.cat\/iesdeltebre\/wp-json\/wp\/v2\/categories?post=19785"},{"taxonomy":"post_tag","embeddable":true,"href":"https:\/\/agora.xtec.cat\/iesdeltebre\/wp-json\/wp\/v2\/tags?post=19785"}],"curies":[{"name":"wp","href":"https:\/\/api.w.org\/{rel}","templated":true}]}}