{"id":19723,"date":"2023-06-28T09:47:23","date_gmt":"2023-06-28T07:47:23","guid":{"rendered":"https:\/\/agora.xtec.cat\/iesdeltebre\/?p=19723"},"modified":"2023-10-25T11:54:39","modified_gmt":"2023-10-25T09:54:39","slug":"premi-salvador-fornos","status":"publish","type":"post","link":"https:\/\/agora.xtec.cat\/iesdeltebre\/general\/premi-salvador-fornos\/","title":{"rendered":"Premi Salvador Forn\u00f3s"},"content":{"rendered":"<hr \/>\n<div><b><span style=\"font-size: large;\">N\u00daRIA MULET GUARDONADA A LA PRIMERA EDICI\u00d3 DEL PREMI SALVADOR FORN\u00d3S<\/span><\/b><\/div>\n<hr \/>\n<div dir=\"ltr\">\n<p style=\"text-align: center;\" align=\"justify\"><a href=\"https:\/\/agora.xtec.cat\/iesdeltebre\/wp-content\/uploads\/usu809\/2023\/06\/IMG-20230608-WA0003.jpg\"><img loading=\"lazy\" decoding=\"async\" class=\"alignnone size-full wp-image-19725\" src=\"https:\/\/agora.xtec.cat\/iesdeltebre\/wp-content\/uploads\/usu809\/2023\/06\/IMG-20230608-WA0003.jpg\" alt=\"\" width=\"1024\" height=\"768\" srcset=\"https:\/\/agora.xtec.cat\/iesdeltebre\/wp-content\/uploads\/usu809\/2023\/06\/IMG-20230608-WA0003.jpg 1024w, https:\/\/agora.xtec.cat\/iesdeltebre\/wp-content\/uploads\/usu809\/2023\/06\/IMG-20230608-WA0003-300x225.jpg 300w, https:\/\/agora.xtec.cat\/iesdeltebre\/wp-content\/uploads\/usu809\/2023\/06\/IMG-20230608-WA0003-768x576.jpg 768w, https:\/\/agora.xtec.cat\/iesdeltebre\/wp-content\/uploads\/usu809\/2023\/06\/IMG-20230608-WA0003-200x150.jpg 200w\" sizes=\"auto, (max-width: 1024px) 100vw, 1024px\" \/><\/a><\/p>\n<p align=\"justify\"><span style=\"font-family: Arial, sans-serif;\">El passat dia 5 de maig la nostra alumna N\u00faria Mulet Mart\u00ed va ser guardonada amb el Premi\u00a0<\/span><span style=\"font-family: Arial, sans-serif;\">de Salvador Forn\u00f3s.\u00a0<\/span><span style=\"font-family: Arial, sans-serif;\">El seu treball de recerca premiat \u00e9s\u00a0<\/span><span style=\"color: #000000;\"><span style=\"font-family: Arial, sans-serif;\"><span lang=\"ca-ES\"><i>Micropl\u00e0stic, el ver\u00ed dels ecosistemes i la salut humana a l\u2019Ebre<\/i><\/span><\/span><\/span><span style=\"color: #000000;\"><span style=\"font-family: Arial, sans-serif;\"><span lang=\"ca-ES\">\u00a0<\/span><\/span><\/span><span style=\"color: #000000;\"><span style=\"font-family: Arial, sans-serif;\"><span lang=\"ca-ES\">i tal com explica N\u00faria\u00a0<\/span><\/span><\/span><span style=\"color: #000000;\"><span style=\"font-family: Arial, sans-serif;\"><span lang=\"ca-ES\">aquestes part<\/span><\/span><\/span><span style=\"font-family: Arial, sans-serif;\">\u00edcules diminutes gaireb\u00e9 invisibles les podem considerar una forta amena\u00e7a per al\u00a0<\/span><span style=\"font-family: Arial, sans-serif;\">D<\/span><span style=\"font-family: Arial, sans-serif;\">elta.\u00a0<\/span><span style=\"color: #202124;\"><span style=\"font-family: Arial, sans-serif;\">El treball d<\/span><\/span><span style=\"color: #202124;\"><span style=\"font-family: Arial, sans-serif;\">\u2019investigaci\u00f3 s\u2019ha centrat a col\u00b7laborar amb el projecte i-Plastic de l\u2019ICTA-UAB amb el mostreig en dos punts de la desembocadura el registre i l\u2019an\u00e0lisi i comparaci\u00f3 de resultats per saber la pres\u00e8ncia d\u2019aquestes part\u00edcules i determinar la quantitat, l\u2019origen i el tipus.\u00a0<\/span><\/span><span style=\"color: #202124;\"><span style=\"font-family: Arial, sans-serif;\">L\u2019assaig conclou amb l\u2019estudi del coneixement i repercussions dels micropl\u00e0stics\u00a0<\/span><\/span><span style=\"color: #202124;\"><span style=\"font-family: Arial, sans-serif;\">a<\/span><\/span><span style=\"color: #202124;\"><span style=\"font-family: Arial, sans-serif;\">\u00a0la poblaci\u00f3.<\/span><\/span><\/p>\n<p align=\"justify\"><span style=\"font-family: Arial, serif;\">Al centre Cultural del Delta\u00a0<\/span><span style=\"font-family: Arial, serif;\">vam assistir al lliurament de la primera edici\u00f3 del Premi de Recerca Salvador Forn\u00f3s. Era una tarda molt especial dos anys despr\u00e9s de que Salvador Forn\u00f3s Casanova ens deix\u00e9s. Els discursos commovedors estaven entretallats per l\u2019emoci\u00f3, la tristesa i al mateix temps el record entranyable d\u2019en Salvador, marit, pare, iaio, ve\u00ed, company, mestre, director, pol\u00edtic<\/span><span style=\"font-family: Arial, serif;\">.<\/span><span style=\"color: #444444;\"><span style=\"font-family: Arial, serif;\">\u00a0Rep aix\u00ed un homenatge pel seu tarann\u00e0\u00a0<\/span><\/span><span style=\"color: #444444;\"><span style=\"font-family: Arial, serif;\">dedicat incondicionalment\u00a0<\/span><\/span><span style=\"color: #444444;\"><span style=\"font-family: Arial, serif;\">al Delta,\u00a0<\/span><\/span><span style=\"color: #444444;\"><span style=\"font-family: Arial, serif;\">l\u2019educaci\u00f3 i la recerca.<\/span><\/span><\/p>\n<p align=\"justify\"><span style=\"color: #444444;\"><span style=\"font-family: Arial, serif;\">Aquest premi\u00a0<\/span><\/span><span style=\"color: #444444;\"><span style=\"font-family: Arial, serif;\">est\u00e0 convocat per Esquerra Republicana i\u00a0<\/span><\/span><span style=\"color: #444444;\"><span style=\"font-family: Arial, serif;\">est\u00e0 adre\u00e7at\u00a0<\/span><\/span><span style=\"color: #444444;\"><span style=\"font-family: Arial, serif;\">a<\/span><\/span><span style=\"color: #444444;\"><span style=\"font-family: Arial, serif;\">\u00a0l\u2019alumnat de batxillerat\u00a0<\/span><\/span><span style=\"color: #444444;\"><span style=\"font-family: Arial, serif;\">dels centres de Baix Ebre i Montsi\u00e0. La tem\u00e0tica s\u2019 ha de centrar en el Delta i\u00a0<\/span><\/span><span style=\"color: #444444;\"><span style=\"font-family: Arial, serif;\">el premi ha estat una dotaci\u00f3 de 500 \u20ac.<\/span><\/span><\/p>\n<p style=\"text-align: center;\" align=\"justify\">\r\n\t<div class=\"slideshow_container slideshow_container_style-light\" style=\"height: 300px; \" data-slideshow-id=\"19724\" data-style-name=\"style-light\" data-style-version=\"2.3.1\" >\r\n\r\n\t\t\t\t\t<div class=\"slideshow_loading_icon\"><\/div>\r\n\t\t\r\n\t\t<div class=\"slideshow_content\" style=\"display: none;\">\r\n\r\n\t\t\t<div class=\"slideshow_view\">\r\n\t\t\t\t<div class=\"slideshow_slide slideshow_slide_image\">\r\n\t\t\t\t\t\t\t\t\t\t\t<img src=\"https:\/\/agora.xtec.cat\/iesdeltebre\/wp-content\/uploads\/usu809\/2023\/06\/IMG-20230608-WA0009.jpg\" alt=\"IMG-20230608-WA0009\" width=\"1024\" height=\"768\" \/>\r\n\t\t\t\t\t\t\t\t\t\t<div class=\"slideshow_description_box slideshow_transparent\">\r\n\t\t\t\t\t\t<div class=\"slideshow_title\">IMG-20230608-WA0009<\/div>\t\t\t\t\t\t\t\t\t\t\t<\/div>\r\n\t\t\t\t<\/div>\r\n\r\n\t\t\t\t\t\t<div style=\"clear: both;\"><\/div><\/div><div class=\"slideshow_view\">\r\n\t\t\t\t<div class=\"slideshow_slide slideshow_slide_image\">\r\n\t\t\t\t\t\t\t\t\t\t\t<img src=\"https:\/\/agora.xtec.cat\/iesdeltebre\/wp-content\/uploads\/usu809\/2023\/06\/IMG-20230608-WA0008.jpg\" alt=\"IMG-20230608-WA0008\" width=\"1024\" height=\"768\" \/>\r\n\t\t\t\t\t\t\t\t\t\t<div class=\"slideshow_description_box slideshow_transparent\">\r\n\t\t\t\t\t\t<div class=\"slideshow_title\">IMG-20230608-WA0008<\/div>\t\t\t\t\t\t\t\t\t\t\t<\/div>\r\n\t\t\t\t<\/div>\r\n\r\n\t\t\t\t\t\t<div style=\"clear: both;\"><\/div><\/div><div class=\"slideshow_view\">\r\n\t\t\t\t<div class=\"slideshow_slide slideshow_slide_image\">\r\n\t\t\t\t\t\t\t\t\t\t\t<img src=\"https:\/\/agora.xtec.cat\/iesdeltebre\/wp-content\/uploads\/usu809\/2023\/06\/IMG-20230608-WA0007.jpg\" alt=\"IMG-20230608-WA0007\" width=\"1024\" height=\"768\" \/>\r\n\t\t\t\t\t\t\t\t\t\t<div class=\"slideshow_description_box slideshow_transparent\">\r\n\t\t\t\t\t\t<div class=\"slideshow_title\">IMG-20230608-WA0007<\/div>\t\t\t\t\t\t\t\t\t\t\t<\/div>\r\n\t\t\t\t<\/div>\r\n\r\n\t\t\t\t\t\t<div style=\"clear: both;\"><\/div><\/div><div class=\"slideshow_view\">\r\n\t\t\t\t<div class=\"slideshow_slide slideshow_slide_image\">\r\n\t\t\t\t\t\t\t\t\t\t\t<img src=\"https:\/\/agora.xtec.cat\/iesdeltebre\/wp-content\/uploads\/usu809\/2023\/06\/IMG-20230608-WA0006.jpg\" alt=\"IMG-20230608-WA0006\" width=\"768\" height=\"1024\" \/>\r\n\t\t\t\t\t\t\t\t\t\t<div class=\"slideshow_description_box slideshow_transparent\">\r\n\t\t\t\t\t\t<div class=\"slideshow_title\">IMG-20230608-WA0006<\/div>\t\t\t\t\t\t\t\t\t\t\t<\/div>\r\n\t\t\t\t<\/div>\r\n\r\n\t\t\t\t\t\t<div style=\"clear: both;\"><\/div><\/div><div class=\"slideshow_view\">\r\n\t\t\t\t<div class=\"slideshow_slide slideshow_slide_image\">\r\n\t\t\t\t\t\t\t\t\t\t\t<img src=\"https:\/\/agora.xtec.cat\/iesdeltebre\/wp-content\/uploads\/usu809\/2023\/06\/IMG-20230608-WA0005.jpg\" alt=\"IMG-20230608-WA0005\" width=\"1024\" height=\"768\" \/>\r\n\t\t\t\t\t\t\t\t\t\t<div class=\"slideshow_description_box slideshow_transparent\">\r\n\t\t\t\t\t\t<div class=\"slideshow_title\">IMG-20230608-WA0005<\/div>\t\t\t\t\t\t\t\t\t\t\t<\/div>\r\n\t\t\t\t<\/div>\r\n\r\n\t\t\t\t\t\t<div style=\"clear: both;\"><\/div><\/div><div class=\"slideshow_view\">\r\n\t\t\t\t<div class=\"slideshow_slide slideshow_slide_image\">\r\n\t\t\t\t\t\t\t\t\t\t\t<img src=\"https:\/\/agora.xtec.cat\/iesdeltebre\/wp-content\/uploads\/usu809\/2023\/06\/IMG-20230608-WA0004.jpg\" alt=\"IMG-20230608-WA0004\" width=\"1024\" height=\"768\" \/>\r\n\t\t\t\t\t\t\t\t\t\t<div class=\"slideshow_description_box slideshow_transparent\">\r\n\t\t\t\t\t\t<div class=\"slideshow_title\">IMG-20230608-WA0004<\/div>\t\t\t\t\t\t\t\t\t\t\t<\/div>\r\n\t\t\t\t<\/div>\r\n\r\n\t\t\t\t\t\t<div style=\"clear: both;\"><\/div><\/div><div class=\"slideshow_view\">\r\n\t\t\t\t<div class=\"slideshow_slide slideshow_slide_image\">\r\n\t\t\t\t\t\t\t\t\t\t\t<img src=\"https:\/\/agora.xtec.cat\/iesdeltebre\/wp-content\/uploads\/usu809\/2023\/06\/IMG-20230608-WA0003.jpg\" alt=\"IMG-20230608-WA0003\" width=\"1024\" height=\"768\" \/>\r\n\t\t\t\t\t\t\t\t\t\t<div class=\"slideshow_description_box slideshow_transparent\">\r\n\t\t\t\t\t\t<div class=\"slideshow_title\">IMG-20230608-WA0003<\/div>\t\t\t\t\t\t\t\t\t\t\t<\/div>\r\n\t\t\t\t<\/div>\r\n\r\n\t\t\t\t\t\t<div style=\"clear: both;\"><\/div><\/div>\r\n\t\t<\/div>\r\n\r\n\t\t<div class=\"slideshow_controlPanel slideshow_transparent\" style=\"display: none;\"><ul><li class=\"slideshow_togglePlay\" data-play-text=\"Visualitza\" data-pause-text=\"Pausa\"><\/li><\/ul><\/div>\r\n\r\n\t\t<div class=\"slideshow_button slideshow_previous slideshow_transparent\" role=\"button\" data-previous-text=\"Anterior\" style=\"display: none;\"><\/div>\r\n\t\t<div class=\"slideshow_button slideshow_next slideshow_transparent\" role=\"button\" data-next-text=\"Seg\u00fcent\" style=\"display: none;\"><\/div>\r\n\r\n\t\t<div class=\"slideshow_pagination\" style=\"display: none;\" data-go-to-text=\"V\u00e9s a la diapositiva\"><div class=\"slideshow_pagination_center\"><\/div><\/div>\r\n\r\n\t\t<!-- WordPress Slideshow Version 2.3.1 -->\r\n\r\n\t\t\t<\/div>\r\n\r\n<\/p>\n<\/div>\n<hr \/>\n","protected":false},"excerpt":{"rendered":"<p>N\u00daRIA MULET GUARDONADA A LA PRIMERA EDICI\u00d3 DEL PREMI SALVADOR FORN\u00d3S<\/p>\n<p><a href=\"https:\/\/agora.xtec.cat\/iesdeltebre\/wp-content\/uploads\/usu809\/2023\/06\/IMG-20230608-WA0003.jpg\"><\/a><br \/>\nEl passat dia 5 de maig la nostra alumna N\u00faria Mulet Mart\u00ed va ser guardonada amb el Premi\u00a0de Salvador Forn\u00f3s.\u00a0El seu treball de recerca premiat \u00e9s\u00a0Micropl\u00e0stic, el ver\u00ed dels ecosistemes i la salut humana&hellip;  <a href=\"https:\/\/agora.xtec.cat\/iesdeltebre\/general\/premi-salvador-fornos\/\" title=\"Read Premi Salvador Forn\u00f3s\">Llegeix m\u00e9s\u00bb<\/a><\/p>\n","protected":false},"author":154,"featured_media":19731,"comment_status":"closed","ping_status":"closed","sticky":false,"template":"","format":"standard","meta":{"_bbp_topic_count":0,"_bbp_reply_count":0,"_bbp_total_topic_count":0,"_bbp_total_reply_count":0,"_bbp_voice_count":0,"_bbp_anonymous_reply_count":0,"_bbp_topic_count_hidden":0,"_bbp_reply_count_hidden":0,"_bbp_forum_subforum_count":0,"footnotes":""},"categories":[1,29],"tags":[],"class_list":["post-19723","post","type-post","status-publish","format-standard","has-post-thumbnail","hentry","category-general","category-portada"],"post_mailing_queue_ids":[],"_links":{"self":[{"href":"https:\/\/agora.xtec.cat\/iesdeltebre\/wp-json\/wp\/v2\/posts\/19723","targetHints":{"allow":["GET"]}}],"collection":[{"href":"https:\/\/agora.xtec.cat\/iesdeltebre\/wp-json\/wp\/v2\/posts"}],"about":[{"href":"https:\/\/agora.xtec.cat\/iesdeltebre\/wp-json\/wp\/v2\/types\/post"}],"author":[{"embeddable":true,"href":"https:\/\/agora.xtec.cat\/iesdeltebre\/wp-json\/wp\/v2\/users\/154"}],"replies":[{"embeddable":true,"href":"https:\/\/agora.xtec.cat\/iesdeltebre\/wp-json\/wp\/v2\/comments?post=19723"}],"version-history":[{"count":3,"href":"https:\/\/agora.xtec.cat\/iesdeltebre\/wp-json\/wp\/v2\/posts\/19723\/revisions"}],"predecessor-version":[{"id":19736,"href":"https:\/\/agora.xtec.cat\/iesdeltebre\/wp-json\/wp\/v2\/posts\/19723\/revisions\/19736"}],"wp:featuredmedia":[{"embeddable":true,"href":"https:\/\/agora.xtec.cat\/iesdeltebre\/wp-json\/wp\/v2\/media\/19731"}],"wp:attachment":[{"href":"https:\/\/agora.xtec.cat\/iesdeltebre\/wp-json\/wp\/v2\/media?parent=19723"}],"wp:term":[{"taxonomy":"category","embeddable":true,"href":"https:\/\/agora.xtec.cat\/iesdeltebre\/wp-json\/wp\/v2\/categories?post=19723"},{"taxonomy":"post_tag","embeddable":true,"href":"https:\/\/agora.xtec.cat\/iesdeltebre\/wp-json\/wp\/v2\/tags?post=19723"}],"curies":[{"name":"wp","href":"https:\/\/api.w.org\/{rel}","templated":true}]}}