{"id":19694,"date":"2023-06-09T17:16:18","date_gmt":"2023-06-09T15:16:18","guid":{"rendered":"https:\/\/agora.xtec.cat\/iesdeltebre\/?p=19694"},"modified":"2023-10-25T11:54:45","modified_gmt":"2023-10-25T09:54:45","slug":"sigues-el-canvi-que-vols-veure-al-mon","status":"publish","type":"post","link":"https:\/\/agora.xtec.cat\/iesdeltebre\/portada\/sigues-el-canvi-que-vols-veure-al-mon\/","title":{"rendered":"Sigues el canvi que vols veure al m\u00f3n"},"content":{"rendered":"<hr \/>\n<h1>Sigues el canvi que vols veure al m\u00f3n<\/h1>\n<p style=\"font-weight: 400; text-align: justify;\">Sota aquest lema, el passat dilluns 5 de juny, els centres educatius de Deltebre, Sant Jaume i els Muntells van celebrar el Dia Mundial del Medi Ambient als peus del pont\u00a0<em>Lo Passador<\/em>\u00a0(s\u00edmbol unitari de les diferents poblacions que acullen les escoles). Durant la celebraci\u00f3, l\u2019alumnat dels diferents centres va llegir diferents manifests, desitjos i bons prop\u00f2sits. Va ser un acte reivindicatiu i a la vegada festiu amb la participaci\u00f3 del cantautor Joan Rovira que va interpretar un dels seus temes m\u00e9s simb\u00f2lics\u00a0<em>Lo meu riu<\/em>. L\u2019acte va culminar amb el desplegament d\u2019una gran bandera confeccionada amb diferents fragments de roba que, centres d\u2019arreu de les Terres de l\u2019Ebre, van fer arribar a l\u2019Institut de Deltebre.<\/p>\n<p style=\"font-weight: 400; text-align: justify;\">Aquest acte va ser el segon\u00a0d\u2019aquestes caracter\u00edstiques i magnituds que s\u2019organitzava des de l\u2019Institut amb l\u2019ajuda de la comissi\u00f3 de delegats i delegades verdes.<\/p>\n<p style=\"font-weight: 400; text-align: justify;\">La intenci\u00f3 \u00e9s poder celebrar conjuntament aquesta diada els propers anys apropant aix\u00ed els objectius de desenvolupament sostenible a l\u2019alumnat, les fam\u00edlies i la comunitat educativa del nostre entorn.<\/p>\n<p style=\"text-align: justify;\"><a href=\"https:\/\/agora.xtec.cat\/iesdeltebre\/wp-content\/uploads\/usu809\/2023\/06\/portada-scaled.jpg\"><img loading=\"lazy\" decoding=\"async\" class=\"alignnone wp-image-19700 size-large\" src=\"https:\/\/agora.xtec.cat\/iesdeltebre\/wp-content\/uploads\/usu809\/2023\/06\/portada-1024x683.jpg\" alt=\"\" width=\"1024\" height=\"683\" srcset=\"https:\/\/agora.xtec.cat\/iesdeltebre\/wp-content\/uploads\/usu809\/2023\/06\/portada-1024x683.jpg 1024w, https:\/\/agora.xtec.cat\/iesdeltebre\/wp-content\/uploads\/usu809\/2023\/06\/portada-300x200.jpg 300w, https:\/\/agora.xtec.cat\/iesdeltebre\/wp-content\/uploads\/usu809\/2023\/06\/portada-768x512.jpg 768w, https:\/\/agora.xtec.cat\/iesdeltebre\/wp-content\/uploads\/usu809\/2023\/06\/portada-1536x1024.jpg 1536w, https:\/\/agora.xtec.cat\/iesdeltebre\/wp-content\/uploads\/usu809\/2023\/06\/portada-2048x1365.jpg 2048w\" sizes=\"auto, (max-width: 1024px) 100vw, 1024px\" \/><\/a><\/p>\n<p><a href=\"https:\/\/drive.google.com\/drive\/folders\/1StJSGBLTrAejZdLujHZgNKh1JebGndJn?usp=sharing\" target=\"_blank\" rel=\"noopener\">Recull de fotografies<\/a><\/p>\n<hr \/>\n<p>&nbsp;<\/p>\n","protected":false},"excerpt":{"rendered":"<p>Sigues el canvi que vols veure al m\u00f3n<br \/>\nSota aquest lema, el passat dilluns 5 de juny, els centres educatius de Deltebre, Sant Jaume i els Muntells van celebrar el Dia Mundial del Medi Ambient als peus del pont\u00a0Lo Passador\u00a0(s\u00edmbol unitari de les diferents poblacions que&hellip;  <a href=\"https:\/\/agora.xtec.cat\/iesdeltebre\/portada\/sigues-el-canvi-que-vols-veure-al-mon\/\" title=\"Read Sigues el canvi que vols veure al m\u00f3n\">Llegeix m\u00e9s\u00bb<\/a><\/p>\n","protected":false},"author":154,"featured_media":0,"comment_status":"closed","ping_status":"closed","sticky":false,"template":"","format":"standard","meta":{"_bbp_topic_count":0,"_bbp_reply_count":0,"_bbp_total_topic_count":0,"_bbp_total_reply_count":0,"_bbp_voice_count":0,"_bbp_anonymous_reply_count":0,"_bbp_topic_count_hidden":0,"_bbp_reply_count_hidden":0,"_bbp_forum_subforum_count":0,"footnotes":""},"categories":[29],"tags":[],"class_list":["post-19694","post","type-post","status-publish","format-standard","hentry","category-portada"],"post_mailing_queue_ids":[],"_links":{"self":[{"href":"https:\/\/agora.xtec.cat\/iesdeltebre\/wp-json\/wp\/v2\/posts\/19694","targetHints":{"allow":["GET"]}}],"collection":[{"href":"https:\/\/agora.xtec.cat\/iesdeltebre\/wp-json\/wp\/v2\/posts"}],"about":[{"href":"https:\/\/agora.xtec.cat\/iesdeltebre\/wp-json\/wp\/v2\/types\/post"}],"author":[{"embeddable":true,"href":"https:\/\/agora.xtec.cat\/iesdeltebre\/wp-json\/wp\/v2\/users\/154"}],"replies":[{"embeddable":true,"href":"https:\/\/agora.xtec.cat\/iesdeltebre\/wp-json\/wp\/v2\/comments?post=19694"}],"version-history":[{"count":3,"href":"https:\/\/agora.xtec.cat\/iesdeltebre\/wp-json\/wp\/v2\/posts\/19694\/revisions"}],"predecessor-version":[{"id":19701,"href":"https:\/\/agora.xtec.cat\/iesdeltebre\/wp-json\/wp\/v2\/posts\/19694\/revisions\/19701"}],"wp:attachment":[{"href":"https:\/\/agora.xtec.cat\/iesdeltebre\/wp-json\/wp\/v2\/media?parent=19694"}],"wp:term":[{"taxonomy":"category","embeddable":true,"href":"https:\/\/agora.xtec.cat\/iesdeltebre\/wp-json\/wp\/v2\/categories?post=19694"},{"taxonomy":"post_tag","embeddable":true,"href":"https:\/\/agora.xtec.cat\/iesdeltebre\/wp-json\/wp\/v2\/tags?post=19694"}],"curies":[{"name":"wp","href":"https:\/\/api.w.org\/{rel}","templated":true}]}}