{"id":19279,"date":"2022-02-20T19:47:50","date_gmt":"2022-02-20T18:47:50","guid":{"rendered":"https:\/\/agora.xtec.cat\/iesdeltebre\/?p=19279"},"modified":"2023-06-29T09:38:29","modified_gmt":"2023-06-29T07:38:29","slug":"participem-al-forum-jove-damposta","status":"publish","type":"post","link":"https:\/\/agora.xtec.cat\/iesdeltebre\/portada\/participem-al-forum-jove-damposta\/","title":{"rendered":"Participem al F\u00f2rum Jove d&#8217;Amposta"},"content":{"rendered":"<div>Els dies 16, 17 i 18 de febrer l&#8217;Institut de Deltebre va participar al F\u00f2rum Jove d&#8217;Amposta, la fira d&#8217;ensenyament de les Terres de l&#8217;Ebre.<\/div>\n<div><\/div>\n<div>On l&#8217;alumnat pot con\u00e8ixer els centres d&#8217;ensenyaments postobligatoris del territori i rebre orientaci\u00f3 per triar els seus estudis per al curs vinent.<\/div>\n<div><\/div>\n<div>L&#8217;alumnat de 4t d&#8217;ESO del nostre centre va visitar la fira el passat 16 de febrer i va participar en diferents activitats com xerrades, scaperooms, teatre i tallers.<\/div>\n<div><\/div>\n<div>Tamb\u00e9, va poder consultar els seus dubtes amb professionals de l&#8217;orientaci\u00f3 laboral i educativa.<\/div>\n<div><\/div>\n<div>Al seg\u00fcent enlla\u00e7 podeu veure una s\u00e8rie de fotos:\u00a0<a href=\"https:\/\/photos.app.goo.gl\/fJ3cqDBDkMWgtxjY7\" target=\"_blank\" rel=\"noopener\">https:\/\/photos.app.goo.gl\/fJ3cqDBDkMWgtxjY7<\/a><\/div>\n","protected":false},"excerpt":{"rendered":"<p>Els dies 16, 17 i 18 de febrer l&#8217;Institut de Deltebre va participar al F\u00f2rum Jove d&#8217;Amposta, la fira d&#8217;ensenyament de les Terres de l&#8217;Ebre.<\/p>\n<p>On l&#8217;alumnat pot con\u00e8ixer els centres d&#8217;ensenyaments postobligatoris del territori i rebre orientaci\u00f3 per triar els seus estudis per al curs&hellip;  <a href=\"https:\/\/agora.xtec.cat\/iesdeltebre\/portada\/participem-al-forum-jove-damposta\/\" title=\"Read Participem al F\u00f2rum Jove d&#8217;Amposta\">Llegeix m\u00e9s\u00bb<\/a><\/p>\n","protected":false},"author":1,"featured_media":19280,"comment_status":"closed","ping_status":"closed","sticky":false,"template":"","format":"standard","meta":{"_bbp_topic_count":0,"_bbp_reply_count":0,"_bbp_total_topic_count":0,"_bbp_total_reply_count":0,"_bbp_voice_count":0,"_bbp_anonymous_reply_count":0,"_bbp_topic_count_hidden":0,"_bbp_reply_count_hidden":0,"_bbp_forum_subforum_count":0,"footnotes":""},"categories":[29],"tags":[],"class_list":["post-19279","post","type-post","status-publish","format-standard","has-post-thumbnail","hentry","category-portada"],"post_mailing_queue_ids":[],"_links":{"self":[{"href":"https:\/\/agora.xtec.cat\/iesdeltebre\/wp-json\/wp\/v2\/posts\/19279","targetHints":{"allow":["GET"]}}],"collection":[{"href":"https:\/\/agora.xtec.cat\/iesdeltebre\/wp-json\/wp\/v2\/posts"}],"about":[{"href":"https:\/\/agora.xtec.cat\/iesdeltebre\/wp-json\/wp\/v2\/types\/post"}],"author":[{"embeddable":true,"href":"https:\/\/agora.xtec.cat\/iesdeltebre\/wp-json\/wp\/v2\/users\/1"}],"replies":[{"embeddable":true,"href":"https:\/\/agora.xtec.cat\/iesdeltebre\/wp-json\/wp\/v2\/comments?post=19279"}],"version-history":[{"count":2,"href":"https:\/\/agora.xtec.cat\/iesdeltebre\/wp-json\/wp\/v2\/posts\/19279\/revisions"}],"predecessor-version":[{"id":19282,"href":"https:\/\/agora.xtec.cat\/iesdeltebre\/wp-json\/wp\/v2\/posts\/19279\/revisions\/19282"}],"wp:featuredmedia":[{"embeddable":true,"href":"https:\/\/agora.xtec.cat\/iesdeltebre\/wp-json\/wp\/v2\/media\/19280"}],"wp:attachment":[{"href":"https:\/\/agora.xtec.cat\/iesdeltebre\/wp-json\/wp\/v2\/media?parent=19279"}],"wp:term":[{"taxonomy":"category","embeddable":true,"href":"https:\/\/agora.xtec.cat\/iesdeltebre\/wp-json\/wp\/v2\/categories?post=19279"},{"taxonomy":"post_tag","embeddable":true,"href":"https:\/\/agora.xtec.cat\/iesdeltebre\/wp-json\/wp\/v2\/tags?post=19279"}],"curies":[{"name":"wp","href":"https:\/\/api.w.org\/{rel}","templated":true}]}}