{"id":19197,"date":"2021-10-07T22:20:03","date_gmt":"2021-10-07T20:20:03","guid":{"rendered":"https:\/\/agora.xtec.cat\/iesdeltebre\/?p=19197"},"modified":"2021-10-09T10:40:54","modified_gmt":"2021-10-09T08:40:54","slug":"nova-alumna-premiada-algerard-verges","status":"publish","type":"post","link":"https:\/\/agora.xtec.cat\/iesdeltebre\/portada\/nova-alumna-premiada-algerard-verges\/","title":{"rendered":"PREMIADA AL&#8221;GERARD VERG\u00c9S&#8221;"},"content":{"rendered":"<div style=\"text-align: justify;\"><strong>NOVAMENT TENIM UNA ALUMNA PREMIADA AL &#8220;GERARD VERG\u00c9S&#8221; DEL CAMPUS TERRES DE L&#8217;EBRE URV<\/strong><\/div>\n<div style=\"text-align: justify;\"><\/div>\n<div style=\"text-align: justify;\">L&#8217;enhorabona a la nostra alumna de segon de batxillerat <b><span style=\"font-size: large;\">J\u00falia Villalba Mola<\/span><\/b>\u00a0 per\u00a0 haver estat guardonada\u00a0 amb\u00a0 el <b>Premi Gerard Verg\u00e9s <\/b>pel\u00a0 seu treball de recerca\u00a0 titulat\u00a0<u>Un cam\u00ed de vida: Ramon Calvo Castells.<\/u>\u00a0 Tutoritzat per M. Merc\u00e8 Costa Franch.<\/div>\n<div style=\"text-align: justify;\"><i><u>\u00a0<\/u><\/i><\/div>\n<div style=\"text-align: justify;\">Tal com ens explica J\u00falia: &#8220;<i>Volia saber\u00a0 <\/i>q<i>ui va ser Ramon Calvo i per qu\u00e8 \u00e9s important pel nostre centre?&#8221; I a partir d\u2019aquesta pregunta vaig descobrir\u00a0<\/i><i>\u00a0un cam\u00ed de vida\u00a0 per dibuixar com va viure i va morir d&#8217;ELA en Ramon Calvo Castells. El treball\u00a0 ha estat labori\u00f3s, \u00e9s el relat de com va ser la seva infantesa, de com va estudiar i de com va formar una fam\u00edlia fins que ens va deixar sobtadament per una crua malaltia. Havia de descriure com i quan va treballar de mestre a l&#8217;Escola i a l&#8217;Institut, i explicar\u00a0 quins projectes va endegar com a regidor\u00a0 per\u00a0Iniciativa-Verds a\u00a0\u00a0l&#8217;Ajuntament de Deltebre\u00a0 (la Casa de Cultura, la revista \u00abI per qu\u00e8?\u00bb, associacions com \u00abXino xano\u00bb i \u00abla Milotxa\u00bb).\u00a0 Tamb\u00e9 vaig\u00a0 investigar\u00a0 per saber qui, com i perqu\u00e8 es va prendre la decisi\u00f3 de fer uns premis en la seva mem\u00f2ria. I, finalment,\u00a0 havia de fer el\u00a0 cat\u00e0leg dels premiats\u00a0 en les diferents convocat\u00f2ries del\u00a0 Premi Ramon Calvo de l&#8217;Institut de Deltebre.<\/i><i>&#8220;<\/i><\/div>\n<div style=\"text-align: justify;\"><i>\u00a0<\/i><\/div>\n<div style=\"text-align: justify;\">El premi espec\u00edfic del Campus Terres de l\u2019Ebre de la Universitat Rovira i Virgili convoca aquests premis amb la col\u00b7laboraci\u00f3 econ\u00f2mica del\u00a0 Consell social de URV i l&#8217;Ajuntament de Tortosa. Aquest any, per al moment i donada la situaci\u00f3 sanit\u00e0ria actual\u00a0 no es va realitzar encara l\u2019acte tradicional de lliurament de premis. Per aix\u00f2 un cop valorats els treballs es van publicar\u00a0 la relaci\u00f3 dels\u00a0 premiats que rebran els ajuts per cursar\u00a0\u00a0 cr\u00e8dits del primer curs \u00a0de les titulacions oficials ofertes per la URV, per al curs acad\u00e8mic 2021-22.<\/div>\n<div><img loading=\"lazy\" decoding=\"async\" class=\"size-medium wp-image-19195 alignleft\" src=\"https:\/\/agora.xtec.cat\/iesdeltebre\/wp-content\/uploads\/usu809\/2021\/10\/ca3f70a03e3a472695d759dbc57d978c-0001-212x300.jpg\" alt=\"\" width=\"212\" height=\"300\" data-wp-editing=\"1\" srcset=\"https:\/\/agora.xtec.cat\/iesdeltebre\/wp-content\/uploads\/usu809\/2021\/10\/ca3f70a03e3a472695d759dbc57d978c-0001-212x300.jpg 212w, https:\/\/agora.xtec.cat\/iesdeltebre\/wp-content\/uploads\/usu809\/2021\/10\/ca3f70a03e3a472695d759dbc57d978c-0001-724x1024.jpg 724w, https:\/\/agora.xtec.cat\/iesdeltebre\/wp-content\/uploads\/usu809\/2021\/10\/ca3f70a03e3a472695d759dbc57d978c-0001-768x1086.jpg 768w, https:\/\/agora.xtec.cat\/iesdeltebre\/wp-content\/uploads\/usu809\/2021\/10\/ca3f70a03e3a472695d759dbc57d978c-0001-1086x1536.jpg 1086w, https:\/\/agora.xtec.cat\/iesdeltebre\/wp-content\/uploads\/usu809\/2021\/10\/ca3f70a03e3a472695d759dbc57d978c-0001-1448x2048.jpg 1448w, https:\/\/agora.xtec.cat\/iesdeltebre\/wp-content\/uploads\/usu809\/2021\/10\/ca3f70a03e3a472695d759dbc57d978c-0001-scaled.jpg 1811w\" sizes=\"auto, (max-width: 212px) 100vw, 212px\" \/><img loading=\"lazy\" decoding=\"async\" class=\"size-medium wp-image-19196 alignleft\" src=\"https:\/\/agora.xtec.cat\/iesdeltebre\/wp-content\/uploads\/usu809\/2021\/10\/20210902_125821_opt-300x225.jpg\" alt=\"\" width=\"300\" height=\"225\" srcset=\"https:\/\/agora.xtec.cat\/iesdeltebre\/wp-content\/uploads\/usu809\/2021\/10\/20210902_125821_opt-300x225.jpg 300w, https:\/\/agora.xtec.cat\/iesdeltebre\/wp-content\/uploads\/usu809\/2021\/10\/20210902_125821_opt-200x150.jpg 200w, https:\/\/agora.xtec.cat\/iesdeltebre\/wp-content\/uploads\/usu809\/2021\/10\/20210902_125821_opt.jpg 400w\" sizes=\"auto, (max-width: 300px) 100vw, 300px\" \/><\/div>\n","protected":false},"excerpt":{"rendered":"<p>NOVAMENT TENIM UNA ALUMNA PREMIADA AL &#8220;GERARD VERG\u00c9S&#8221; DEL CAMPUS TERRES DE L&#8217;EBRE URV<\/p>\n<p>L&#8217;enhorabona a la nostra alumna de segon de batxillerat J\u00falia Villalba Mola\u00a0 per\u00a0 haver estat guardonada\u00a0 amb\u00a0 el Premi Gerard Verg\u00e9s pel\u00a0 seu treball de recerca\u00a0 titulat\u00a0Un cam\u00ed de vida: Ramon Calvo&hellip;  <a href=\"https:\/\/agora.xtec.cat\/iesdeltebre\/portada\/nova-alumna-premiada-algerard-verges\/\" title=\"Read PREMIADA AL&#8221;GERARD VERG\u00c9S&#8221;\">Llegeix m\u00e9s\u00bb<\/a><\/p>\n","protected":false},"author":1,"featured_media":19194,"comment_status":"open","ping_status":"closed","sticky":false,"template":"","format":"standard","meta":{"_bbp_topic_count":0,"_bbp_reply_count":0,"_bbp_total_topic_count":0,"_bbp_total_reply_count":0,"_bbp_voice_count":0,"_bbp_anonymous_reply_count":0,"_bbp_topic_count_hidden":0,"_bbp_reply_count_hidden":0,"_bbp_forum_subforum_count":0,"footnotes":""},"categories":[29],"tags":[],"class_list":["post-19197","post","type-post","status-publish","format-standard","has-post-thumbnail","hentry","category-portada"],"post_mailing_queue_ids":[],"_links":{"self":[{"href":"https:\/\/agora.xtec.cat\/iesdeltebre\/wp-json\/wp\/v2\/posts\/19197","targetHints":{"allow":["GET"]}}],"collection":[{"href":"https:\/\/agora.xtec.cat\/iesdeltebre\/wp-json\/wp\/v2\/posts"}],"about":[{"href":"https:\/\/agora.xtec.cat\/iesdeltebre\/wp-json\/wp\/v2\/types\/post"}],"author":[{"embeddable":true,"href":"https:\/\/agora.xtec.cat\/iesdeltebre\/wp-json\/wp\/v2\/users\/1"}],"replies":[{"embeddable":true,"href":"https:\/\/agora.xtec.cat\/iesdeltebre\/wp-json\/wp\/v2\/comments?post=19197"}],"version-history":[{"count":3,"href":"https:\/\/agora.xtec.cat\/iesdeltebre\/wp-json\/wp\/v2\/posts\/19197\/revisions"}],"predecessor-version":[{"id":19203,"href":"https:\/\/agora.xtec.cat\/iesdeltebre\/wp-json\/wp\/v2\/posts\/19197\/revisions\/19203"}],"wp:featuredmedia":[{"embeddable":true,"href":"https:\/\/agora.xtec.cat\/iesdeltebre\/wp-json\/wp\/v2\/media\/19194"}],"wp:attachment":[{"href":"https:\/\/agora.xtec.cat\/iesdeltebre\/wp-json\/wp\/v2\/media?parent=19197"}],"wp:term":[{"taxonomy":"category","embeddable":true,"href":"https:\/\/agora.xtec.cat\/iesdeltebre\/wp-json\/wp\/v2\/categories?post=19197"},{"taxonomy":"post_tag","embeddable":true,"href":"https:\/\/agora.xtec.cat\/iesdeltebre\/wp-json\/wp\/v2\/tags?post=19197"}],"curies":[{"name":"wp","href":"https:\/\/api.w.org\/{rel}","templated":true}]}}