{"id":19124,"date":"2021-05-19T18:06:17","date_gmt":"2021-05-19T16:06:17","guid":{"rendered":"http:\/\/agora.xtec.cat\/iesdeltebre\/?p=19124"},"modified":"2021-05-19T18:06:55","modified_gmt":"2021-05-19T16:06:55","slug":"lliurament-dels-xix-premis-ramon-calvo","status":"publish","type":"post","link":"https:\/\/agora.xtec.cat\/iesdeltebre\/portada\/lliurament-dels-xix-premis-ramon-calvo\/","title":{"rendered":"Lliurament dels XIX Premis Ramon Calvo"},"content":{"rendered":"<p><b>XIX PREMIS RAMON CALVO<\/b><\/p>\n<p><span style=\"font-weight: 400;\">El passat dijous, 29 d\u2019abril, es van lliurar els XIX Premis d\u2019Investigaci\u00f3 i Recerca Ramon Calvo que coorganitza l\u2019Institut de Deltebre , l\u2019Ajuntament de Deltebre i l\u2019AMPA de l\u2019Institut.<\/span><\/p>\n<p><span style=\"font-weight: 400;\">La cerim\u00f2nia va recuperar el format presencial, amb limitaci\u00f3 d&#8217;aforament i vam estrena nova ubicaci\u00f3, al Centre Fluvial del Delta.<\/span><\/p>\n<p><span style=\"font-weight: 400;\">La participaci\u00f3\u00a0 va estar d\u2019un total de 21 treball de recerca i 5 obres d\u2019art, dels diferents Instituts de les Terres de l\u2019Ebre, de molt alta qualitat.<\/span><\/p>\n<p><span style=\"font-weight: 400;\">El primer premi en la modalitat de TR human\u00edstic social ha estat per al treball \u201c<\/span><b>I<\/b><b>nterpretaci\u00f3 filos\u00f2fica i hermen\u00e8utica de la segona simfonia de Gustav Mahler\u201d<\/b> <span style=\"font-weight: 400;\">de Maria Subirats M\u00faria de l\u2019Institut Crist\u00f2fol Despuig de Tortosa.<\/span> <span style=\"font-weight: 400;\">El segon premi en aquesta modalitat ha estat per al treball \u201c<\/span><b>La mirada femenina en m\u00fasica de c\u00e1mara de Rosa Reg\u00e0s\u201d<\/b><span style=\"font-weight: 400;\"> de Maria Castell\u00e0 F\u00e0bregues de l\u2019Institut de Roquetes.\u00a0<\/span><\/p>\n<p><span style=\"font-weight: 400;\">Respecte a la modalitat de TR cientificot\u00e8cnica, el primer premi ha estat per al treball \u201c<\/span><b>El raigs c\u00f2smics i la cambra de Boira\u201d <\/b><span style=\"font-weight: 400;\">de Sami Calvo Mu\u00f1oz de l\u2019Institut de Roquetes; i el segon premi ha estat per al treball \u201c<\/span><b>Creaci\u00f3 de sistemes dunars fixats amb la vegetaci\u00f3, al Delta de l\u2019Ebre\u201d <\/b><span style=\"font-weight: 400;\">de Gemma Llu\u00eds Porres de l\u2019Institut Ramon Berenguer IV d\u2019Amposta.<\/span><\/p>\n<p><span style=\"font-weight: 400;\">Pel que fa al premi de cartell, ha estat per a l\u2019obra <\/span><b>\u201cLa ment en la seva profunditat. Trencant estereotips\u201d<\/b><span style=\"font-weight: 400;\">, de J\u00falia Salvad\u00f3 Sans de l\u2019Institut Ramon Berenguer IV.<\/span><\/p>\n<p><span style=\"font-weight: 400;\">En aquesta edici\u00f3, excepcionalment, el jurat a fet una menci\u00f3 especial al treball <\/span><b>\u201cUn cam\u00ed de vida. Ramon Calvo\u201d<\/b><span style=\"font-weight: 400;\"> de J\u00falia Villalba Mola de l\u2019Institut de Deltebre.<\/span><\/p>\n<p><span style=\"font-weight: 400;\">Enhorabona a tots els premiats i premiades, i esperem que la XX Edici\u00f3 dels premis de l\u2019any vinent es pugui celebrar amb total normalitat.<\/span><\/p>\n<p>Al seg\u00fcent enlla\u00e7 podeu veure les imatges de l&#8217;acte:\u00a0<a href=\"https:\/\/drive.google.com\/drive\/folders\/158OIE3hyYSboEzBbAuGN9UvG_nZQcNw2?usp=sharing\" target=\"_blank\" rel=\"noopener noreferrer\">Imatges acte d&#8217;entrega<\/a><\/p>\n<p>&nbsp;<\/p>\n<p>&nbsp;<\/p>\n","protected":false},"excerpt":{"rendered":"<p>XIX PREMIS RAMON CALVO<br \/>\nEl passat dijous, 29 d\u2019abril, es van lliurar els XIX Premis d\u2019Investigaci\u00f3 i Recerca Ramon Calvo que coorganitza l\u2019Institut de Deltebre , l\u2019Ajuntament de Deltebre i l\u2019AMPA de l\u2019Institut.<br \/>\nLa cerim\u00f2nia va recuperar el format presencial, amb limitaci\u00f3 d&#8217;aforament i vam estrena nova&hellip;  <a href=\"https:\/\/agora.xtec.cat\/iesdeltebre\/portada\/lliurament-dels-xix-premis-ramon-calvo\/\" title=\"Read Lliurament dels XIX Premis Ramon Calvo\">Llegeix m\u00e9s\u00bb<\/a><\/p>\n","protected":false},"author":1,"featured_media":19086,"comment_status":"open","ping_status":"closed","sticky":false,"template":"","format":"standard","meta":{"_bbp_topic_count":0,"_bbp_reply_count":0,"_bbp_total_topic_count":0,"_bbp_total_reply_count":0,"_bbp_voice_count":0,"_bbp_anonymous_reply_count":0,"_bbp_topic_count_hidden":0,"_bbp_reply_count_hidden":0,"_bbp_forum_subforum_count":0,"footnotes":""},"categories":[29],"tags":[],"class_list":["post-19124","post","type-post","status-publish","format-standard","has-post-thumbnail","hentry","category-portada"],"post_mailing_queue_ids":[],"_links":{"self":[{"href":"https:\/\/agora.xtec.cat\/iesdeltebre\/wp-json\/wp\/v2\/posts\/19124","targetHints":{"allow":["GET"]}}],"collection":[{"href":"https:\/\/agora.xtec.cat\/iesdeltebre\/wp-json\/wp\/v2\/posts"}],"about":[{"href":"https:\/\/agora.xtec.cat\/iesdeltebre\/wp-json\/wp\/v2\/types\/post"}],"author":[{"embeddable":true,"href":"https:\/\/agora.xtec.cat\/iesdeltebre\/wp-json\/wp\/v2\/users\/1"}],"replies":[{"embeddable":true,"href":"https:\/\/agora.xtec.cat\/iesdeltebre\/wp-json\/wp\/v2\/comments?post=19124"}],"version-history":[{"count":1,"href":"https:\/\/agora.xtec.cat\/iesdeltebre\/wp-json\/wp\/v2\/posts\/19124\/revisions"}],"predecessor-version":[{"id":19125,"href":"https:\/\/agora.xtec.cat\/iesdeltebre\/wp-json\/wp\/v2\/posts\/19124\/revisions\/19125"}],"wp:featuredmedia":[{"embeddable":true,"href":"https:\/\/agora.xtec.cat\/iesdeltebre\/wp-json\/wp\/v2\/media\/19086"}],"wp:attachment":[{"href":"https:\/\/agora.xtec.cat\/iesdeltebre\/wp-json\/wp\/v2\/media?parent=19124"}],"wp:term":[{"taxonomy":"category","embeddable":true,"href":"https:\/\/agora.xtec.cat\/iesdeltebre\/wp-json\/wp\/v2\/categories?post=19124"},{"taxonomy":"post_tag","embeddable":true,"href":"https:\/\/agora.xtec.cat\/iesdeltebre\/wp-json\/wp\/v2\/tags?post=19124"}],"curies":[{"name":"wp","href":"https:\/\/api.w.org\/{rel}","templated":true}]}}