{"id":1811,"date":"2017-01-29T20:08:31","date_gmt":"2017-01-29T19:08:31","guid":{"rendered":"http:\/\/agora.xtec.cat\/iesdeltebre\/?p=1811"},"modified":"2017-01-30T12:22:46","modified_gmt":"2017-01-30T11:22:46","slug":"visita-al-parlament-3r-eso","status":"publish","type":"post","link":"https:\/\/agora.xtec.cat\/iesdeltebre\/portada\/visita-al-parlament-3r-eso\/","title":{"rendered":"Visita al parlament 3r ESO"},"content":{"rendered":"<p>El passat 20 i 21 de desembre de 2016 l&#8217;alumnat de 3r d&#8217;ESO de l&#8217;institut de Deltebre va fer una sortida al Parlament de Catalunya, on va participar en uns tallers did\u00e0ctic, &#8220;Jo tamb\u00e9 s\u00f3c diputat&#8221;.<\/p>\n<p style=\"text-align: justify;\">En aquests tallers, pr\u00e8viament preparats a classe \u00a0de ci\u00e8ncies socials van haver de defensar unes idees pol\u00edtiques i agrupar-se en partits pol\u00edtics. Van presentar les seves idees als altres companys i despr\u00e9s es va fer una votaci\u00f3 per a veure qui era el president de la Generalitat, un cop triat es va passar a la sessi\u00f3 d&#8217;investidura.<\/p>\n<div style=\"text-align: justify;\">L&#8217;alumnat reconeix que va ser una bona experi\u00e8ncia i els va agradar. a m\u00e9s a m\u00e9s els grups que van anar el dia 20 de desembre van trobar-se en la<\/div>\n<div style=\"text-align: justify;\">pres\u00e8ncia del diari Ara que els va fer un reportatge, publicat dies m\u00e9s tard.<\/div>\n<div style=\"text-align: justify;\"><\/div>\n<div><\/div>\n<div><a href=\"http:\/\/agora.xtec.cat\/iesdeltebre\/wp-content\/uploads\/usu809\/2017\/01\/Visita-Parlament-3r-ESO-ilovepdf-compressed.pdf\" target=\"_blank\">Reportatge diari Ara<\/a><\/div>\n<div><\/div>\n<div><img loading=\"lazy\" decoding=\"async\" class=\"size-medium wp-image-1815 aligncenter\" src=\"http:\/\/agora.xtec.cat\/iesdeltebre\/wp-content\/uploads\/usu809\/2017\/01\/IMG-20170130-WA0000-300x225.jpg\" alt=\"img-20170130-wa0000\" width=\"300\" height=\"225\" srcset=\"https:\/\/agora.xtec.cat\/iesdeltebre\/wp-content\/uploads\/usu809\/2017\/01\/IMG-20170130-WA0000-300x225.jpg 300w, https:\/\/agora.xtec.cat\/iesdeltebre\/wp-content\/uploads\/usu809\/2017\/01\/IMG-20170130-WA0000-768x576.jpg 768w, https:\/\/agora.xtec.cat\/iesdeltebre\/wp-content\/uploads\/usu809\/2017\/01\/IMG-20170130-WA0000-1024x768.jpg 1024w, https:\/\/agora.xtec.cat\/iesdeltebre\/wp-content\/uploads\/usu809\/2017\/01\/IMG-20170130-WA0000-200x150.jpg 200w, https:\/\/agora.xtec.cat\/iesdeltebre\/wp-content\/uploads\/usu809\/2017\/01\/IMG-20170130-WA0000.jpg 1600w\" sizes=\"auto, (max-width: 300px) 100vw, 300px\" \/><\/div>\n<div><\/div>\n","protected":false},"excerpt":{"rendered":"<p>El passat 20 i 21 de desembre de 2016 l&#8217;alumnat de 3r d&#8217;ESO de l&#8217;institut de Deltebre va fer una sortida al Parlament de Catalunya, on va participar en uns tallers did\u00e0ctic, &#8220;Jo tamb\u00e9 s\u00f3c diputat&#8221;.<br \/>\nEn aquests tallers, pr\u00e8viament preparats a classe \u00a0de ci\u00e8ncies socials&hellip;  <a href=\"https:\/\/agora.xtec.cat\/iesdeltebre\/portada\/visita-al-parlament-3r-eso\/\" title=\"Read Visita al parlament 3r ESO\">Llegeix m\u00e9s\u00bb<\/a><\/p>\n","protected":false},"author":1,"featured_media":1815,"comment_status":"open","ping_status":"open","sticky":false,"template":"","format":"standard","meta":{"_bbp_topic_count":0,"_bbp_reply_count":0,"_bbp_total_topic_count":0,"_bbp_total_reply_count":0,"_bbp_voice_count":0,"_bbp_anonymous_reply_count":0,"_bbp_topic_count_hidden":0,"_bbp_reply_count_hidden":0,"_bbp_forum_subforum_count":0,"footnotes":""},"categories":[29],"tags":[],"class_list":["post-1811","post","type-post","status-publish","format-standard","has-post-thumbnail","hentry","category-portada"],"post_mailing_queue_ids":[],"_links":{"self":[{"href":"https:\/\/agora.xtec.cat\/iesdeltebre\/wp-json\/wp\/v2\/posts\/1811","targetHints":{"allow":["GET"]}}],"collection":[{"href":"https:\/\/agora.xtec.cat\/iesdeltebre\/wp-json\/wp\/v2\/posts"}],"about":[{"href":"https:\/\/agora.xtec.cat\/iesdeltebre\/wp-json\/wp\/v2\/types\/post"}],"author":[{"embeddable":true,"href":"https:\/\/agora.xtec.cat\/iesdeltebre\/wp-json\/wp\/v2\/users\/1"}],"replies":[{"embeddable":true,"href":"https:\/\/agora.xtec.cat\/iesdeltebre\/wp-json\/wp\/v2\/comments?post=1811"}],"version-history":[{"count":3,"href":"https:\/\/agora.xtec.cat\/iesdeltebre\/wp-json\/wp\/v2\/posts\/1811\/revisions"}],"predecessor-version":[{"id":1818,"href":"https:\/\/agora.xtec.cat\/iesdeltebre\/wp-json\/wp\/v2\/posts\/1811\/revisions\/1818"}],"wp:featuredmedia":[{"embeddable":true,"href":"https:\/\/agora.xtec.cat\/iesdeltebre\/wp-json\/wp\/v2\/media\/1815"}],"wp:attachment":[{"href":"https:\/\/agora.xtec.cat\/iesdeltebre\/wp-json\/wp\/v2\/media?parent=1811"}],"wp:term":[{"taxonomy":"category","embeddable":true,"href":"https:\/\/agora.xtec.cat\/iesdeltebre\/wp-json\/wp\/v2\/categories?post=1811"},{"taxonomy":"post_tag","embeddable":true,"href":"https:\/\/agora.xtec.cat\/iesdeltebre\/wp-json\/wp\/v2\/tags?post=1811"}],"curies":[{"name":"wp","href":"https:\/\/api.w.org\/{rel}","templated":true}]}}