{"id":1800,"date":"2017-01-13T13:52:16","date_gmt":"2017-01-13T12:52:16","guid":{"rendered":"http:\/\/agora.xtec.cat\/iesdeltebre\/?p=1800"},"modified":"2017-01-13T13:52:16","modified_gmt":"2017-01-13T12:52:16","slug":"concurs-de-decoracio-nadalenca-de-lajuntament-de-deltebre","status":"publish","type":"post","link":"https:\/\/agora.xtec.cat\/iesdeltebre\/portada\/concurs-de-decoracio-nadalenca-de-lajuntament-de-deltebre\/","title":{"rendered":"Concurs de decoraci\u00f3 nadalenca de l\u2019Ajuntament de Deltebre"},"content":{"rendered":"<p>L\u2019Ajuntament de Deltebre ha atorgat els premis del concurs d\u2019aparadors nadalencs i decoraci\u00f3 de cases i jardins, amb la finalitat de promocionar el comer\u00e7 local i millorar la imatge del municipi mitjan\u00e7ant motius nadalencs.<\/p>\n<p>Pel que fa a la decoraci\u00f3 de cases i jardins, la segona posici\u00f3 ha estat per a l\u2019institut de Deltebre, concretament pel passad\u00eds de 1r ESO, amb un premi de 75\u20ac.<\/p>\n<p>Les professores Luci Heredia, No\u00e8lia Moratal i Eva Ruiz van ser les encarregades de l\u2019organitzaci\u00f3 general, amb la col\u00b7laboraci\u00f3 de Liz Com\u00ed, Joaquim Torres, Jose Luis Mesado,\u00a0 Miriam Perona, Empar Serrano i l\u2019alumnat de 1r ESO i l\u2019AO de 4t ESO.<\/p>\n<p>Moltes felicitats!<\/p>\n<p><img loading=\"lazy\" decoding=\"async\" class=\"size-medium wp-image-1799 aligncenter\" src=\"http:\/\/agora.xtec.cat\/iesdeltebre\/wp-content\/uploads\/usu809\/2017\/01\/ca404f8a581e0a00a0188b33a6a294b5-300x225.jpg\" alt=\"ca404f8a581e0a00a0188b33a6a294b5\" width=\"300\" height=\"225\" srcset=\"https:\/\/agora.xtec.cat\/iesdeltebre\/wp-content\/uploads\/usu809\/2017\/01\/ca404f8a581e0a00a0188b33a6a294b5-300x225.jpg 300w, https:\/\/agora.xtec.cat\/iesdeltebre\/wp-content\/uploads\/usu809\/2017\/01\/ca404f8a581e0a00a0188b33a6a294b5-768x576.jpg 768w, https:\/\/agora.xtec.cat\/iesdeltebre\/wp-content\/uploads\/usu809\/2017\/01\/ca404f8a581e0a00a0188b33a6a294b5-200x150.jpg 200w, https:\/\/agora.xtec.cat\/iesdeltebre\/wp-content\/uploads\/usu809\/2017\/01\/ca404f8a581e0a00a0188b33a6a294b5.jpg 800w\" sizes=\"auto, (max-width: 300px) 100vw, 300px\" \/><\/p>\n","protected":false},"excerpt":{"rendered":"<p>L\u2019Ajuntament de Deltebre ha atorgat els premis del concurs d\u2019aparadors nadalencs i decoraci\u00f3 de cases i jardins, amb la finalitat de promocionar el comer\u00e7 local i millorar la imatge del municipi mitjan\u00e7ant motius nadalencs.<br \/>\nPel que fa a la decoraci\u00f3 de cases i jardins, la segona&hellip;  <a href=\"https:\/\/agora.xtec.cat\/iesdeltebre\/portada\/concurs-de-decoracio-nadalenca-de-lajuntament-de-deltebre\/\" title=\"Read Concurs de decoraci\u00f3 nadalenca de l\u2019Ajuntament de Deltebre\">Llegeix m\u00e9s\u00bb<\/a><\/p>\n","protected":false},"author":1,"featured_media":1798,"comment_status":"open","ping_status":"open","sticky":false,"template":"","format":"standard","meta":{"_bbp_topic_count":0,"_bbp_reply_count":0,"_bbp_total_topic_count":0,"_bbp_total_reply_count":0,"_bbp_voice_count":0,"_bbp_anonymous_reply_count":0,"_bbp_topic_count_hidden":0,"_bbp_reply_count_hidden":0,"_bbp_forum_subforum_count":0,"footnotes":""},"categories":[29],"tags":[],"class_list":["post-1800","post","type-post","status-publish","format-standard","has-post-thumbnail","hentry","category-portada"],"post_mailing_queue_ids":[],"_links":{"self":[{"href":"https:\/\/agora.xtec.cat\/iesdeltebre\/wp-json\/wp\/v2\/posts\/1800","targetHints":{"allow":["GET"]}}],"collection":[{"href":"https:\/\/agora.xtec.cat\/iesdeltebre\/wp-json\/wp\/v2\/posts"}],"about":[{"href":"https:\/\/agora.xtec.cat\/iesdeltebre\/wp-json\/wp\/v2\/types\/post"}],"author":[{"embeddable":true,"href":"https:\/\/agora.xtec.cat\/iesdeltebre\/wp-json\/wp\/v2\/users\/1"}],"replies":[{"embeddable":true,"href":"https:\/\/agora.xtec.cat\/iesdeltebre\/wp-json\/wp\/v2\/comments?post=1800"}],"version-history":[{"count":1,"href":"https:\/\/agora.xtec.cat\/iesdeltebre\/wp-json\/wp\/v2\/posts\/1800\/revisions"}],"predecessor-version":[{"id":1801,"href":"https:\/\/agora.xtec.cat\/iesdeltebre\/wp-json\/wp\/v2\/posts\/1800\/revisions\/1801"}],"wp:featuredmedia":[{"embeddable":true,"href":"https:\/\/agora.xtec.cat\/iesdeltebre\/wp-json\/wp\/v2\/media\/1798"}],"wp:attachment":[{"href":"https:\/\/agora.xtec.cat\/iesdeltebre\/wp-json\/wp\/v2\/media?parent=1800"}],"wp:term":[{"taxonomy":"category","embeddable":true,"href":"https:\/\/agora.xtec.cat\/iesdeltebre\/wp-json\/wp\/v2\/categories?post=1800"},{"taxonomy":"post_tag","embeddable":true,"href":"https:\/\/agora.xtec.cat\/iesdeltebre\/wp-json\/wp\/v2\/tags?post=1800"}],"curies":[{"name":"wp","href":"https:\/\/api.w.org\/{rel}","templated":true}]}}