{"id":1765,"date":"2016-12-20T08:28:16","date_gmt":"2016-12-20T07:28:16","guid":{"rendered":"http:\/\/agora.xtec.cat\/iesdeltebre\/?p=1765"},"modified":"2016-12-20T08:44:20","modified_gmt":"2016-12-20T07:44:20","slug":"premis-literaris-terra-de-fang","status":"publish","type":"post","link":"https:\/\/agora.xtec.cat\/iesdeltebre\/portada\/premis-literaris-terra-de-fang\/","title":{"rendered":"Premis literaris Terra de Fang"},"content":{"rendered":"<p>Les alumnes Alba M\u00farcia de 3r ESO A i Jennifer Bohigues de 3r ESO C han guanyat la XXII edici\u00f3 dels premis literaris Terra de Fang en la categoria juvenil, premi local, amb els relats que porten per t\u00edtol\u00a0<em>L&#8217;hola i l&#8217;adeu<\/em> i\u00a0<em>No hi ha finals feli\u00e7os<\/em>, respectivament.<\/p>\n<p><img loading=\"lazy\" decoding=\"async\" class=\"size-medium wp-image-1764 aligncenter\" src=\"http:\/\/agora.xtec.cat\/iesdeltebre\/wp-content\/uploads\/usu809\/2016\/12\/IMG_2877-300x169.jpg\" alt=\"img_2877\" width=\"300\" height=\"169\" srcset=\"https:\/\/agora.xtec.cat\/iesdeltebre\/wp-content\/uploads\/usu809\/2016\/12\/IMG_2877-300x169.jpg 300w, https:\/\/agora.xtec.cat\/iesdeltebre\/wp-content\/uploads\/usu809\/2016\/12\/IMG_2877-768x432.jpg 768w, https:\/\/agora.xtec.cat\/iesdeltebre\/wp-content\/uploads\/usu809\/2016\/12\/IMG_2877-1024x576.jpg 1024w, https:\/\/agora.xtec.cat\/iesdeltebre\/wp-content\/uploads\/usu809\/2016\/12\/IMG_2877.jpg 1280w\" sizes=\"auto, (max-width: 300px) 100vw, 300px\" \/><\/p>\n<p>Al seg\u00fcent enlla\u00e7 trobareu imatges de l&#8217;entrega de premis:\u00a0<a href=\"https:\/\/drive.google.com\/open?id=0B7Tp6eE8D7RPZUtKbXNWbk1MZTQ\" target=\"_blank\">premis literaris terra de fang<\/a><\/p>\n","protected":false},"excerpt":{"rendered":"<p>Les alumnes Alba M\u00farcia de 3r ESO A i Jennifer Bohigues de 3r ESO C han guanyat la XXII edici\u00f3 dels premis literaris Terra de Fang en la categoria juvenil, premi local, amb els relats que porten per t\u00edtol\u00a0L&#8217;hola i l&#8217;adeu i\u00a0No hi ha finals&hellip;  <a href=\"https:\/\/agora.xtec.cat\/iesdeltebre\/portada\/premis-literaris-terra-de-fang\/\" title=\"Read Premis literaris Terra de Fang\">Llegeix m\u00e9s\u00bb<\/a><\/p>\n","protected":false},"author":1,"featured_media":1764,"comment_status":"open","ping_status":"open","sticky":false,"template":"","format":"standard","meta":{"_bbp_topic_count":0,"_bbp_reply_count":0,"_bbp_total_topic_count":0,"_bbp_total_reply_count":0,"_bbp_voice_count":0,"_bbp_anonymous_reply_count":0,"_bbp_topic_count_hidden":0,"_bbp_reply_count_hidden":0,"_bbp_forum_subforum_count":0,"footnotes":""},"categories":[29],"tags":[],"class_list":["post-1765","post","type-post","status-publish","format-standard","has-post-thumbnail","hentry","category-portada"],"post_mailing_queue_ids":[],"_links":{"self":[{"href":"https:\/\/agora.xtec.cat\/iesdeltebre\/wp-json\/wp\/v2\/posts\/1765","targetHints":{"allow":["GET"]}}],"collection":[{"href":"https:\/\/agora.xtec.cat\/iesdeltebre\/wp-json\/wp\/v2\/posts"}],"about":[{"href":"https:\/\/agora.xtec.cat\/iesdeltebre\/wp-json\/wp\/v2\/types\/post"}],"author":[{"embeddable":true,"href":"https:\/\/agora.xtec.cat\/iesdeltebre\/wp-json\/wp\/v2\/users\/1"}],"replies":[{"embeddable":true,"href":"https:\/\/agora.xtec.cat\/iesdeltebre\/wp-json\/wp\/v2\/comments?post=1765"}],"version-history":[{"count":2,"href":"https:\/\/agora.xtec.cat\/iesdeltebre\/wp-json\/wp\/v2\/posts\/1765\/revisions"}],"predecessor-version":[{"id":1771,"href":"https:\/\/agora.xtec.cat\/iesdeltebre\/wp-json\/wp\/v2\/posts\/1765\/revisions\/1771"}],"wp:featuredmedia":[{"embeddable":true,"href":"https:\/\/agora.xtec.cat\/iesdeltebre\/wp-json\/wp\/v2\/media\/1764"}],"wp:attachment":[{"href":"https:\/\/agora.xtec.cat\/iesdeltebre\/wp-json\/wp\/v2\/media?parent=1765"}],"wp:term":[{"taxonomy":"category","embeddable":true,"href":"https:\/\/agora.xtec.cat\/iesdeltebre\/wp-json\/wp\/v2\/categories?post=1765"},{"taxonomy":"post_tag","embeddable":true,"href":"https:\/\/agora.xtec.cat\/iesdeltebre\/wp-json\/wp\/v2\/tags?post=1765"}],"curies":[{"name":"wp","href":"https:\/\/api.w.org\/{rel}","templated":true}]}}