{"id":1723,"date":"2016-11-24T14:23:36","date_gmt":"2016-11-24T13:23:36","guid":{"rendered":"http:\/\/agora.xtec.cat\/iesdeltebre\/?p=1723"},"modified":"2016-11-24T16:16:41","modified_gmt":"2016-11-24T15:16:41","slug":"programa-de-radio-au-si-vens-de-lao-4t-eso","status":"publish","type":"post","link":"https:\/\/agora.xtec.cat\/iesdeltebre\/portada\/programa-de-radio-au-si-vens-de-lao-4t-eso\/","title":{"rendered":"Programa de r\u00e0dio Au, si vens! de l&#8217;AO 4t ESO"},"content":{"rendered":"<div>\n<div style=\"text-align: left;\">L&#8217;alumnat de l&#8217;aula oberta de 4t d&#8217;ESO, dins del projecte Petits Aprenents, i durant tot el curs, prepara i emet el programa de r\u00e0dio Au si v\u00e9ns.<\/div>\n<div style=\"text-align: left;\"><\/div>\n<p>L&#8217;Au si v\u00e9ns \u00e9s un programa que pret\u00e9n mostrar l&#8217;entorn m\u00e9s proper i relacionar-lo amb fets de caire m\u00e9s universal, all\u00f2 que en diem del local a l&#8217;universal.<\/p>\n<\/div>\n<div>El primer programa, per\u00f2, \u00e9s un programa de presentaci\u00f3 de tot el projecte Petits Aprenents i del mateix alumnat de 4t ESO de l&#8217;Aula Oberta: J\u00falia, Ian, Marc, Ainhoa, Patrick, Jerome, Arnau, Gen\u00eds i Cristian.<\/div>\n<div><\/div>\n<div style=\"text-align: left;\">Esperem que els aneu seguint i escoltant, el programa tamb\u00e9 s&#8217;emet a l&#8217;emissora municipal de Deltebre.<\/div>\n<div style=\"text-align: left;\"><\/div>\n<div style=\"text-align: left;\">\n<!--[if lt IE 9]><script>document.createElement('audio');<\/script><![endif]-->\n<audio class=\"wp-audio-shortcode\" id=\"audio-1723-1\" preload=\"none\" style=\"width: 100%;\" controls=\"controls\"><source type=\"audio\/mpeg\" src=\"http:\/\/agora.xtec.cat\/iesdeltebre\/wp-content\/uploads\/usu809\/2016\/11\/Au-si-vens-04nov.mp3?_=1\" \/><a href=\"http:\/\/agora.xtec.cat\/iesdeltebre\/wp-content\/uploads\/usu809\/2016\/11\/Au-si-vens-04nov.mp3\">http:\/\/agora.xtec.cat\/iesdeltebre\/wp-content\/uploads\/usu809\/2016\/11\/Au-si-vens-04nov.mp3<\/a><\/audio>\n<\/div>\n","protected":false},"excerpt":{"rendered":"<p>L&#8217;alumnat de l&#8217;aula oberta de 4t d&#8217;ESO, dins del projecte Petits Aprenents, i durant tot el curs, prepara i emet el programa de r\u00e0dio Au si v\u00e9ns.<\/p>\n<p>L&#8217;Au si v\u00e9ns \u00e9s un programa que pret\u00e9n mostrar l&#8217;entorn m\u00e9s proper i relacionar-lo amb fets de caire m\u00e9s&hellip;  <a href=\"https:\/\/agora.xtec.cat\/iesdeltebre\/portada\/programa-de-radio-au-si-vens-de-lao-4t-eso\/\" title=\"Read Programa de r\u00e0dio Au, si vens! de l&#8217;AO 4t ESO\">Llegeix m\u00e9s\u00bb<\/a><\/p>\n","protected":false},"author":1,"featured_media":1725,"comment_status":"open","ping_status":"open","sticky":false,"template":"","format":"standard","meta":{"_bbp_topic_count":0,"_bbp_reply_count":0,"_bbp_total_topic_count":0,"_bbp_total_reply_count":0,"_bbp_voice_count":0,"_bbp_anonymous_reply_count":0,"_bbp_topic_count_hidden":0,"_bbp_reply_count_hidden":0,"_bbp_forum_subforum_count":0,"footnotes":""},"categories":[29],"tags":[],"class_list":["post-1723","post","type-post","status-publish","format-standard","has-post-thumbnail","hentry","category-portada"],"post_mailing_queue_ids":[],"_links":{"self":[{"href":"https:\/\/agora.xtec.cat\/iesdeltebre\/wp-json\/wp\/v2\/posts\/1723","targetHints":{"allow":["GET"]}}],"collection":[{"href":"https:\/\/agora.xtec.cat\/iesdeltebre\/wp-json\/wp\/v2\/posts"}],"about":[{"href":"https:\/\/agora.xtec.cat\/iesdeltebre\/wp-json\/wp\/v2\/types\/post"}],"author":[{"embeddable":true,"href":"https:\/\/agora.xtec.cat\/iesdeltebre\/wp-json\/wp\/v2\/users\/1"}],"replies":[{"embeddable":true,"href":"https:\/\/agora.xtec.cat\/iesdeltebre\/wp-json\/wp\/v2\/comments?post=1723"}],"version-history":[{"count":3,"href":"https:\/\/agora.xtec.cat\/iesdeltebre\/wp-json\/wp\/v2\/posts\/1723\/revisions"}],"predecessor-version":[{"id":1727,"href":"https:\/\/agora.xtec.cat\/iesdeltebre\/wp-json\/wp\/v2\/posts\/1723\/revisions\/1727"}],"wp:featuredmedia":[{"embeddable":true,"href":"https:\/\/agora.xtec.cat\/iesdeltebre\/wp-json\/wp\/v2\/media\/1725"}],"wp:attachment":[{"href":"https:\/\/agora.xtec.cat\/iesdeltebre\/wp-json\/wp\/v2\/media?parent=1723"}],"wp:term":[{"taxonomy":"category","embeddable":true,"href":"https:\/\/agora.xtec.cat\/iesdeltebre\/wp-json\/wp\/v2\/categories?post=1723"},{"taxonomy":"post_tag","embeddable":true,"href":"https:\/\/agora.xtec.cat\/iesdeltebre\/wp-json\/wp\/v2\/tags?post=1723"}],"curies":[{"name":"wp","href":"https:\/\/api.w.org\/{rel}","templated":true}]}}