{"id":16549,"date":"2021-03-08T17:05:39","date_gmt":"2021-03-08T16:05:39","guid":{"rendered":"http:\/\/agora.xtec.cat\/iesdeltebre\/?p=16549"},"modified":"2021-06-03T10:45:21","modified_gmt":"2021-06-03T08:45:21","slug":"preinscripcio-en-linia-2021-2022","status":"publish","type":"post","link":"https:\/\/agora.xtec.cat\/iesdeltebre\/portada\/preinscripcio-en-linia-2021-2022\/","title":{"rendered":"Preinscripci\u00f3 postobligatoris i FP b\u00e0sica curs 2021-2022"},"content":{"rendered":"<p><img loading=\"lazy\" decoding=\"async\" class=\"aligncenter wp-image-16550 size-full\" src=\"https:\/\/agora.xtec.cat\/iesdeltebre\/wp-content\/uploads\/usu809\/2021\/03\/banner-verd-preins-web-centres.png\" alt=\"\" width=\"900\" height=\"170\" srcset=\"https:\/\/agora.xtec.cat\/iesdeltebre\/wp-content\/uploads\/usu809\/2021\/03\/banner-verd-preins-web-centres.png 900w, https:\/\/agora.xtec.cat\/iesdeltebre\/wp-content\/uploads\/usu809\/2021\/03\/banner-verd-preins-web-centres-300x57.png 300w, https:\/\/agora.xtec.cat\/iesdeltebre\/wp-content\/uploads\/usu809\/2021\/03\/banner-verd-preins-web-centres-768x145.png 768w\" sizes=\"auto, (max-width: 900px) 100vw, 900px\" \/><\/p>\n<p><iframe loading=\"lazy\" title=\"Visita Institut Virtual\" width=\"500\" height=\"281\" src=\"https:\/\/www.youtube.com\/embed\/PbTNu6trwsE?list=PL4ksGVhkl1pyPNcU9rq0mPfkebo35a5j4\" frameborder=\"0\" allow=\"accelerometer; autoplay; clipboard-write; encrypted-media; gyroscope; picture-in-picture; web-share\" referrerpolicy=\"strict-origin-when-cross-origin\" allowfullscreen><\/iframe><\/p>\n<p>Informacions sobre la preinscripci\u00f3 en l\u00ednia:<\/p>\n<ul>\n<li><a href=\"https:\/\/agora.xtec.cat\/iesdeltebre\/wp-content\/uploads\/usu809\/2021\/05\/xerrada-pares-orientaci\u00f3.pdf\" target=\"_blank\" rel=\"noopener noreferrer\">Presentaci\u00f3 Institut<\/a><\/li>\n<li><a href=\"https:\/\/agora.xtec.cat\/iesdeltebre\/wp-content\/uploads\/usu809\/2021\/05\/Informacio-CFGB-Inform\u00e0tica-dOficina.pdf\" target=\"_blank\" rel=\"noopener noreferrer\">Informaci\u00f3 CFGB Inform\u00e0tica d&#8217;Oficina<\/a><\/li>\n<li><a href=\"https:\/\/agora.xtec.cat\/iesdeltebre\/wp-content\/uploads\/usu809\/2021\/05\/Presentaci\u00f3-FP-B\u00e0sica-Inform\u00e0tica-dOficina.pdf\" target=\"_blank\" rel=\"noopener noreferrer\">Presentaci\u00f3 CFGB Inform\u00e0tica d&#8217;Oficina<\/a><\/li>\n<li><a href=\"https:\/\/agora.xtec.cat\/iesdeltebre\/wp-content\/uploads\/usu809\/2021\/05\/OFERTA-FP-B\u00e0sica.pdf\" target=\"_blank\" rel=\"noopener noreferrer\">Oferta educativa CFGB<\/a><\/li>\n<li><a href=\"https:\/\/agora.xtec.cat\/iesdeltebre\/wp-content\/uploads\/usu809\/2021\/05\/Informacions-familia-Preinscripci\u00f3-21-22.docx\" target=\"_blank\" rel=\"noopener noreferrer\">Informaci\u00f3 Preinscripci\u00f3 curs 21\/22<\/a><\/li>\n<li><a href=\"https:\/\/agora.xtec.cat\/iesdeltebre\/wp-content\/uploads\/usu809\/2021\/05\/Diptic_Bat-i-CF-portes-obertes-21_22.pdf\" target=\"_blank\" rel=\"noopener noreferrer\">D\u00edptic portes obertes<\/a><\/li>\n<li><a href=\"https:\/\/aplicacions.gestioeducativa.gencat.cat\/pls\/apex\/f?p=CITA_PREVIA:4::::4:P4_TIPUS_CALENDARI,P4_DOMINI:01_CGM,43006964\" target=\"_blank\" rel=\"noopener noreferrer\">Calendari cita pr\u00e8via<\/a><\/li>\n<li><a href=\"http:\/\/mapaescolar.gencat.cat\/\" target=\"_blank\" rel=\"noopener noreferrer\">Oferta educativa curs 21\/22<\/a><\/li>\n<\/ul>\n","protected":false},"excerpt":{"rendered":"<p>Informacions sobre la preinscripci\u00f3 en l\u00ednia:<\/p>\n<ul>\n<li><a href=\"https:\/\/agora.xtec.cat\/iesdeltebre\/wp-content\/uploads\/usu809\/2021\/05\/xerrada-pares-orientaci\u00f3.pdf\" target=\"_blank\" rel=\"noopener noreferrer\">Presentaci\u00f3 Institut<\/a><\/li>\n<li><a href=\"https:\/\/agora.xtec.cat\/iesdeltebre\/wp-content\/uploads\/usu809\/2021\/05\/Informacio-CFGB-Inform\u00e0tica-dOficina.pdf\" target=\"_blank\" rel=\"noopener noreferrer\">Informaci\u00f3 CFGB Inform\u00e0tica d&#8217;Oficina<\/a><\/li>\n<li><a href=\"https:\/\/agora.xtec.cat\/iesdeltebre\/wp-content\/uploads\/usu809\/2021\/05\/Presentaci\u00f3-FP-B\u00e0sica-Inform\u00e0tica-dOficina.pdf\" target=\"_blank\" rel=\"noopener noreferrer\">Presentaci\u00f3 CFGB Inform\u00e0tica d&#8217;Oficina<\/a><\/li>\n<li><a href=\"https:\/\/agora.xtec.cat\/iesdeltebre\/wp-content\/uploads\/usu809\/2021\/05\/OFERTA-FP-B\u00e0sica.pdf\" target=\"_blank\" rel=\"noopener noreferrer\">Oferta educativa CFGB<\/a><\/li>\n<li><a href=\"https:\/\/agora.xtec.cat\/iesdeltebre\/wp-content\/uploads\/usu809\/2021\/05\/Informacions-familia-Preinscripci\u00f3-21-22.docx\" target=\"_blank\" rel=\"noopener noreferrer\">Informaci\u00f3 Preinscripci\u00f3 curs 21\/22<\/a><\/li>\n<li><a href=\"https:\/\/agora.xtec.cat\/iesdeltebre\/wp-content\/uploads\/usu809\/2021\/05\/Diptic_Bat-i-CF-portes-obertes-21_22.pdf\" target=\"_blank\" rel=\"noopener noreferrer\">D\u00edptic portes obertes<\/a><\/li>\n<li><a href=\"https:\/\/aplicacions.gestioeducativa.gencat.cat\/pls\/apex\/f?p=CITA_PREVIA:4::::4:P4_TIPUS_CALENDARI,P4_DOMINI:01_CGM,43006964\"&hellip;  <a href=\"https:\/\/agora.xtec.cat\/iesdeltebre\/portada\/preinscripcio-en-linia-2021-2022\/\" title=\"Read Preinscripci\u00f3 postobligatoris i FP b\u00e0sica curs 2021-2022\">Llegeix m\u00e9s\u00bb<\/a><br \/>\n","protected":false},"author":1,"featured_media":16550,"comment_status":"open","ping_status":"closed","sticky":false,"template":"","format":"standard","meta":{"_bbp_topic_count":0,"_bbp_reply_count":0,"_bbp_total_topic_count":0,"_bbp_total_reply_count":0,"_bbp_voice_count":0,"_bbp_anonymous_reply_count":0,"_bbp_topic_count_hidden":0,"_bbp_reply_count_hidden":0,"_bbp_forum_subforum_count":0,"footnotes":""},"categories":[29],"tags":[],"class_list":["post-16549","post","type-post","status-publish","format-standard","has-post-thumbnail","hentry","category-portada"],"post_mailing_queue_ids":[],"_links":{"self":[{"href":"https:\/\/agora.xtec.cat\/iesdeltebre\/wp-json\/wp\/v2\/posts\/16549","targetHints":{"allow":["GET"]}}],"collection":[{"href":"https:\/\/agora.xtec.cat\/iesdeltebre\/wp-json\/wp\/v2\/posts"}],"about":[{"href":"https:\/\/agora.xtec.cat\/iesdeltebre\/wp-json\/wp\/v2\/types\/post"}],"author":[{"embeddable":true,"href":"https:\/\/agora.xtec.cat\/iesdeltebre\/wp-json\/wp\/v2\/users\/1"}],"replies":[{"embeddable":true,"href":"https:\/\/agora.xtec.cat\/iesdeltebre\/wp-json\/wp\/v2\/comments?post=16549"}],"version-history":[{"count":4,"href":"https:\/\/agora.xtec.cat\/iesdeltebre\/wp-json\/wp\/v2\/posts\/16549\/revisions"}],"predecessor-version":[{"id":19123,"href":"https:\/\/agora.xtec.cat\/iesdeltebre\/wp-json\/wp\/v2\/posts\/16549\/revisions\/19123"}],"wp:featuredmedia":[{"embeddable":true,"href":"https:\/\/agora.xtec.cat\/iesdeltebre\/wp-json\/wp\/v2\/media\/16550"}],"wp:attachment":[{"href":"https:\/\/agora.xtec.cat\/iesdeltebre\/wp-json\/wp\/v2\/media?parent=16549"}],"wp:term":[{"taxonomy":"category","embeddable":true,"href":"https:\/\/agora.xtec.cat\/iesdeltebre\/wp-json\/wp\/v2\/categories?post=16549"},{"taxonomy":"post_tag","embeddable":true,"href":"https:\/\/agora.xtec.cat\/iesdeltebre\/wp-json\/wp\/v2\/tags?post=16549"}],"curies":[{"name":"wp","href":"https:\/\/api.w.org\/{rel}","templated":true}]}}