{"id":16519,"date":"2021-01-25T17:57:57","date_gmt":"2021-01-25T16:57:57","guid":{"rendered":"http:\/\/agora.xtec.cat\/iesdeltebre\/?p=16519"},"modified":"2021-01-25T17:57:57","modified_gmt":"2021-01-25T16:57:57","slug":"proves-anuals-per-completar-els-ensenyaments-deso","status":"publish","type":"post","link":"https:\/\/agora.xtec.cat\/iesdeltebre\/portada\/proves-anuals-per-completar-els-ensenyaments-deso\/","title":{"rendered":"Proves anuals per completar els ensenyaments d&#8217;ESO"},"content":{"rendered":"<p>S&#8217;informa que est\u00e0 oberta la convocat\u00f2ria 2021 de les proves per a l&#8217;obtenci\u00f3 del t\u00edtol en graduat en ESO per a l&#8217;alumant que no l&#8217;hagi obtingut en finalitzar l&#8217;etapa esmentada.<\/p>\n<p>Als enlla\u00e7os seg\u00fcents teniu els requisits i criteris d&#8217;avaluaci\u00f3 de les proves.<\/p>\n<p><a href=\"https:\/\/agora.xtec.cat\/iesdeltebre\/wp-content\/uploads\/usu809\/2021\/01\/210125-Requisits-proves-GESO-2021.pdf\" target=\"_blank\" rel=\"noopener noreferrer\">Requisits de les proves<\/a><\/p>\n<p><a href=\"https:\/\/agora.xtec.cat\/iesdeltebre\/wp-content\/uploads\/usu809\/2021\/01\/Continguts-i-criteris-davaluaci\u00f3.pdf\" target=\"_blank\" rel=\"noopener noreferrer\">Continguts i criteris d&#8217;avaluaci\u00f3 de les proves<\/a><\/p>\n<p>&nbsp;<\/p>\n","protected":false},"excerpt":{"rendered":"<p>S&#8217;informa que est\u00e0 oberta la convocat\u00f2ria 2021 de les proves per a l&#8217;obtenci\u00f3 del t\u00edtol en graduat en ESO per a l&#8217;alumant que no l&#8217;hagi obtingut en finalitzar l&#8217;etapa esmentada.<br \/>\nAls enlla\u00e7os seg\u00fcents teniu els requisits i criteris d&#8217;avaluaci\u00f3 de les proves.<br \/>\n<a href=\"https:\/\/agora.xtec.cat\/iesdeltebre\/wp-content\/uploads\/usu809\/2021\/01\/210125-Requisits-proves-GESO-2021.pdf\" target=\"_blank\" rel=\"noopener noreferrer\">Requisits&hellip;  <a href=\"https:\/\/agora.xtec.cat\/iesdeltebre\/portada\/proves-anuals-per-completar-els-ensenyaments-deso\/\" title=\"Read Proves anuals per completar els ensenyaments d&#8217;ESO\">Llegeix m\u00e9s\u00bb<\/a><\/p>\n","protected":false},"author":1,"featured_media":0,"comment_status":"open","ping_status":"closed","sticky":false,"template":"","format":"standard","meta":{"_bbp_topic_count":0,"_bbp_reply_count":0,"_bbp_total_topic_count":0,"_bbp_total_reply_count":0,"_bbp_voice_count":0,"_bbp_anonymous_reply_count":0,"_bbp_topic_count_hidden":0,"_bbp_reply_count_hidden":0,"_bbp_forum_subforum_count":0,"footnotes":""},"categories":[29],"tags":[],"class_list":["post-16519","post","type-post","status-publish","format-standard","hentry","category-portada"],"post_mailing_queue_ids":[],"_links":{"self":[{"href":"https:\/\/agora.xtec.cat\/iesdeltebre\/wp-json\/wp\/v2\/posts\/16519","targetHints":{"allow":["GET"]}}],"collection":[{"href":"https:\/\/agora.xtec.cat\/iesdeltebre\/wp-json\/wp\/v2\/posts"}],"about":[{"href":"https:\/\/agora.xtec.cat\/iesdeltebre\/wp-json\/wp\/v2\/types\/post"}],"author":[{"embeddable":true,"href":"https:\/\/agora.xtec.cat\/iesdeltebre\/wp-json\/wp\/v2\/users\/1"}],"replies":[{"embeddable":true,"href":"https:\/\/agora.xtec.cat\/iesdeltebre\/wp-json\/wp\/v2\/comments?post=16519"}],"version-history":[{"count":1,"href":"https:\/\/agora.xtec.cat\/iesdeltebre\/wp-json\/wp\/v2\/posts\/16519\/revisions"}],"predecessor-version":[{"id":16520,"href":"https:\/\/agora.xtec.cat\/iesdeltebre\/wp-json\/wp\/v2\/posts\/16519\/revisions\/16520"}],"wp:attachment":[{"href":"https:\/\/agora.xtec.cat\/iesdeltebre\/wp-json\/wp\/v2\/media?parent=16519"}],"wp:term":[{"taxonomy":"category","embeddable":true,"href":"https:\/\/agora.xtec.cat\/iesdeltebre\/wp-json\/wp\/v2\/categories?post=16519"},{"taxonomy":"post_tag","embeddable":true,"href":"https:\/\/agora.xtec.cat\/iesdeltebre\/wp-json\/wp\/v2\/tags?post=16519"}],"curies":[{"name":"wp","href":"https:\/\/api.w.org\/{rel}","templated":true}]}}