{"id":16390,"date":"2020-09-10T10:39:44","date_gmt":"2020-09-10T08:39:44","guid":{"rendered":"http:\/\/agora.xtec.cat\/iesdeltebre\/?p=16390"},"modified":"2020-12-20T19:43:01","modified_gmt":"2020-12-20T18:43:01","slug":"informacio-inici-de-curs-2020-21","status":"publish","type":"post","link":"https:\/\/agora.xtec.cat\/iesdeltebre\/portada\/informacio-inici-de-curs-2020-21\/","title":{"rendered":"Informaci\u00f3 Inici de curs 2020-21"},"content":{"rendered":"<p><b>INFORMACI\u00d3 IMPORTANT INICI CURS 2020\/21<\/b><\/p>\n<p><span style=\"font-weight: 400;\">Benvolgudes fam\u00edlies,\u00a0<\/span><\/p>\n<p><span style=\"font-weight: 400;\">El dilluns 14 de setembre comencem el nou curs escolar 2020-2021. La din\u00e0mica escolar d&#8217;aquest curs estar\u00e0 supeditada en tot moment a l\u2019evoluci\u00f3 de la pand\u00e8mia del Covid-19.Us adjuntem\u00a0 <\/span><b>informaci\u00f3 important referent a l&#8217;inici de curs <\/b><span style=\"font-weight: 400;\">:<\/span><\/p>\n<p><span style=\"font-weight: 400;\">\u00a0<\/span><b>1<\/b><span style=\"font-weight: 400;\">.<\/span><b>HORA<\/b><span style=\"font-weight: 400;\"> que comencem aquest primer dia i porta d\u2019acc\u00e9s corresponent a cada nivell educatiu.\u00a0<a href=\"https:\/\/agora.xtec.cat\/iesdeltebre\/wp-content\/uploads\/usu809\/2020\/09\/HORARI-1r-DIA.pdf\" target=\"_blank\" rel=\"noopener noreferrer\">Horari primer dia<\/a><\/span><\/p>\n<p><span style=\"font-weight: 400;\">\u00a0<\/span><b>2<\/b><span style=\"font-weight: 400;\">. <\/span><b>DECLARACI\u00d3 RESPONSABLE<\/b><span style=\"font-weight: 400;\"> per a les fam\u00edlies d&#8217;alumnes d&#8217;ESO i d&#8217;estudis postobligatoris (per a alumnes menors de 18 anys), relativa a aspectes de salut i prevenci\u00f3 referents al COVID, que ha de signar el responsable legal de l&#8217;alumne o l&#8217;alumne si \u00e9s major d&#8217;edat. Aquesta declaraci\u00f3 l&#8217;ha de portar l&#8217;alumnat el primer dia i lliurar-la al tutor\/a.\u00a0<a href=\"https:\/\/agora.xtec.cat\/iesdeltebre\/wp-content\/uploads\/usu809\/2020\/09\/Declaraci\u00f3-responsable-families.pdf\" target=\"_blank\" rel=\"noopener noreferrer\">Declaraci\u00f3 responsable fam\u00edlies\u00a0<\/a><a href=\"https:\/\/agora.xtec.cat\/iesdeltebre\/wp-content\/uploads\/usu809\/2020\/09\/Declaracio-responsable-majors-18-anys.pdf\" target=\"_blank\" rel=\"noopener noreferrer\">Declaraci\u00f3 responsable majors 18 anys<\/a><\/span><\/p>\n<p><span style=\"font-weight: 400;\">\u00a0<\/span><b><\/b><b>3. PROTOCOL ALUMNAT CURS 20\/21 AL CENTRE<\/b><span style=\"font-weight: 400;\">. En aquest document trobareu un resum\u00a0 de les mesures de prevenci\u00f3 i salut preses per comen\u00e7ar el nou curs escolar amb seguretat.\u00a0<a href=\"https:\/\/agora.xtec.cat\/iesdeltebre\/wp-content\/uploads\/usu809\/2020\/09\/PROTOCOL-ALUMNAT-CURS-2020-2021-Documents-de-Google.pdf\" target=\"_blank\" rel=\"noopener noreferrer\">Protocol alumnat<\/a><\/span><\/p>\n<p><b>4. PLA D\u2019ORGANITZACI\u00d3 DE CENTRE CURS 20\/21. <\/b><span style=\"font-weight: 400;\">Aquest document recull tota l\u2019organitzaci\u00f3 i protocols que s\u2019aplicaran al centre durant el curs 2020-2021.\u00a0<a href=\"https:\/\/agora.xtec.cat\/iesdeltebre\/wp-content\/uploads\/usu809\/2020\/09\/PLA-D\u2019ORGANITZACI\u00d3-DE-CENTRE-CURS-2020_21.pdf\" target=\"_blank\" rel=\"noopener noreferrer\">Pla d&#8217;organitzaci\u00f3 de centre<\/a><\/span><\/p>\n<p><span style=\"font-weight: 400;\">\u00a0<strong>5.\u00a0<\/strong><\/span><b>Carta de la consellera de Salut i del conseller d&#8217;Educaci\u00f3<\/b> <b>i Annex<\/b><span style=\"font-weight: 400;\">, sobre mesures extraordin\u00e0ries de salut per evitar els brots de la COVID-19 a les escoles.\u00a0<a href=\"https:\/\/agora.xtec.cat\/iesdeltebre\/wp-content\/uploads\/usu809\/2020\/09\/Salut-_-Escola-CARTA-Families-.pdf\" target=\"_blank\" rel=\"noopener noreferrer\">Carta consellera salut<\/a><\/span><\/p>\n<p><span style=\"font-weight: 400;\">\u00a0<\/span><span style=\"font-weight: 400;\">Per finalitzar, us enviem el desig de tenir un bon curs escolar 2020-2021.<\/span><\/p>\n<p><span style=\"font-weight: 400;\">\u00a0<\/span><span style=\"font-weight: 400;\">Salutacions,<\/span><\/p>\n<p><span style=\"font-weight: 400;\">\u00a0<\/span><span style=\"font-weight: 400;\">L\u2019Equip Directiu<\/span><\/p>\n<p>&nbsp;<\/p>\n","protected":false},"excerpt":{"rendered":"<p>INFORMACI\u00d3 IMPORTANT INICI CURS 2020\/21<br \/>\nBenvolgudes fam\u00edlies,\u00a0<br \/>\nEl dilluns 14 de setembre comencem el nou curs escolar 2020-2021. La din\u00e0mica escolar d&#8217;aquest curs estar\u00e0 supeditada en tot moment a l\u2019evoluci\u00f3 de la pand\u00e8mia del Covid-19.Us adjuntem\u00a0 informaci\u00f3 important referent a l&#8217;inici de curs :<br \/>\n\u00a01.HORA que comencem aquest&hellip;  <a href=\"https:\/\/agora.xtec.cat\/iesdeltebre\/portada\/informacio-inici-de-curs-2020-21\/\" title=\"Read Informaci\u00f3 Inici de curs 2020-21\">Llegeix m\u00e9s\u00bb<\/a><\/p>\n","protected":false},"author":1,"featured_media":0,"comment_status":"open","ping_status":"closed","sticky":false,"template":"","format":"standard","meta":{"_bbp_topic_count":0,"_bbp_reply_count":0,"_bbp_total_topic_count":0,"_bbp_total_reply_count":0,"_bbp_voice_count":0,"_bbp_anonymous_reply_count":0,"_bbp_topic_count_hidden":0,"_bbp_reply_count_hidden":0,"_bbp_forum_subforum_count":0,"footnotes":""},"categories":[29],"tags":[],"class_list":["post-16390","post","type-post","status-publish","format-standard","hentry","category-portada"],"post_mailing_queue_ids":[],"_links":{"self":[{"href":"https:\/\/agora.xtec.cat\/iesdeltebre\/wp-json\/wp\/v2\/posts\/16390","targetHints":{"allow":["GET"]}}],"collection":[{"href":"https:\/\/agora.xtec.cat\/iesdeltebre\/wp-json\/wp\/v2\/posts"}],"about":[{"href":"https:\/\/agora.xtec.cat\/iesdeltebre\/wp-json\/wp\/v2\/types\/post"}],"author":[{"embeddable":true,"href":"https:\/\/agora.xtec.cat\/iesdeltebre\/wp-json\/wp\/v2\/users\/1"}],"replies":[{"embeddable":true,"href":"https:\/\/agora.xtec.cat\/iesdeltebre\/wp-json\/wp\/v2\/comments?post=16390"}],"version-history":[{"count":3,"href":"https:\/\/agora.xtec.cat\/iesdeltebre\/wp-json\/wp\/v2\/posts\/16390\/revisions"}],"predecessor-version":[{"id":16393,"href":"https:\/\/agora.xtec.cat\/iesdeltebre\/wp-json\/wp\/v2\/posts\/16390\/revisions\/16393"}],"wp:attachment":[{"href":"https:\/\/agora.xtec.cat\/iesdeltebre\/wp-json\/wp\/v2\/media?parent=16390"}],"wp:term":[{"taxonomy":"category","embeddable":true,"href":"https:\/\/agora.xtec.cat\/iesdeltebre\/wp-json\/wp\/v2\/categories?post=16390"},{"taxonomy":"post_tag","embeddable":true,"href":"https:\/\/agora.xtec.cat\/iesdeltebre\/wp-json\/wp\/v2\/tags?post=16390"}],"curies":[{"name":"wp","href":"https:\/\/api.w.org\/{rel}","templated":true}]}}