{"id":16359,"date":"2020-07-23T17:47:21","date_gmt":"2020-07-23T15:47:21","guid":{"rendered":"http:\/\/agora.xtec.cat\/iesdeltebre\/?p=16359"},"modified":"2020-08-03T09:06:01","modified_gmt":"2020-08-03T07:06:01","slug":"acte-entrega-dorles-curs-2019-20","status":"publish","type":"post","link":"https:\/\/agora.xtec.cat\/iesdeltebre\/portada\/acte-entrega-dorles-curs-2019-20\/","title":{"rendered":"Acte entrega d&#8217;orles curs 2019\/20"},"content":{"rendered":"<p>El passat 29 de juny\u00a0 va tenir lloc l\u2019acte d\u2019entrega d\u2019orles a l\u2019Institut de Deltebre, de l\u2019alumnat que finalitzava etapa aquest curs 2019\/20: 4t ESO, 2n Batxillerat i 2n CFGM. Tot i les restriccions degut a la pand\u00e8mia del Covid-19, l\u2019acte es va realitzar amb les mesures de protecci\u00f3 i dist\u00e0ncia recomanades per les autoritats sanit\u00e0ries. Des del centre no vol\u00edem acabar aquest curs tant ins\u00f2lit, sense fer un petit acte de reconeixement a aquestes generacions que han finalitzat l\u2019etapa de manera telem\u00e0tica, amb l\u2019esfor\u00e7 afegit que aix\u00f2 els ha suposat. Esperem que el vagi molt b\u00e9 en aquesta nova etapa acad\u00e8mica\/professional que comencen.<\/p>\n<p>A l&#8217;enlla\u00e7 seg\u00fcent podeu veure un recull d&#8217;imatges:\u00a0<a href=\"https:\/\/photos.app.goo.gl\/V1ePWUxgtrPLrf5H8\" target=\"_blank\" rel=\"noopener noreferrer\">Imatges entrega d&#8217;orles<\/a><\/p>\n","protected":false},"excerpt":{"rendered":"<p>El passat 29 de juny\u00a0 va tenir lloc l\u2019acte d\u2019entrega d\u2019orles a l\u2019Institut de Deltebre, de l\u2019alumnat que finalitzava etapa aquest curs 2019\/20: 4t ESO, 2n Batxillerat i 2n CFGM. Tot i les restriccions degut a la pand\u00e8mia del Covid-19, l\u2019acte es va realitzar amb&hellip;  <a href=\"https:\/\/agora.xtec.cat\/iesdeltebre\/portada\/acte-entrega-dorles-curs-2019-20\/\" title=\"Read Acte entrega d&#8217;orles curs 2019\/20\">Llegeix m\u00e9s\u00bb<\/a><\/p>\n","protected":false},"author":1,"featured_media":16360,"comment_status":"open","ping_status":"closed","sticky":false,"template":"","format":"standard","meta":{"_bbp_topic_count":0,"_bbp_reply_count":0,"_bbp_total_topic_count":0,"_bbp_total_reply_count":0,"_bbp_voice_count":0,"_bbp_anonymous_reply_count":0,"_bbp_topic_count_hidden":0,"_bbp_reply_count_hidden":0,"_bbp_forum_subforum_count":0,"footnotes":""},"categories":[29],"tags":[],"class_list":["post-16359","post","type-post","status-publish","format-standard","has-post-thumbnail","hentry","category-portada"],"post_mailing_queue_ids":[],"_links":{"self":[{"href":"https:\/\/agora.xtec.cat\/iesdeltebre\/wp-json\/wp\/v2\/posts\/16359","targetHints":{"allow":["GET"]}}],"collection":[{"href":"https:\/\/agora.xtec.cat\/iesdeltebre\/wp-json\/wp\/v2\/posts"}],"about":[{"href":"https:\/\/agora.xtec.cat\/iesdeltebre\/wp-json\/wp\/v2\/types\/post"}],"author":[{"embeddable":true,"href":"https:\/\/agora.xtec.cat\/iesdeltebre\/wp-json\/wp\/v2\/users\/1"}],"replies":[{"embeddable":true,"href":"https:\/\/agora.xtec.cat\/iesdeltebre\/wp-json\/wp\/v2\/comments?post=16359"}],"version-history":[{"count":2,"href":"https:\/\/agora.xtec.cat\/iesdeltebre\/wp-json\/wp\/v2\/posts\/16359\/revisions"}],"predecessor-version":[{"id":16362,"href":"https:\/\/agora.xtec.cat\/iesdeltebre\/wp-json\/wp\/v2\/posts\/16359\/revisions\/16362"}],"wp:featuredmedia":[{"embeddable":true,"href":"https:\/\/agora.xtec.cat\/iesdeltebre\/wp-json\/wp\/v2\/media\/16360"}],"wp:attachment":[{"href":"https:\/\/agora.xtec.cat\/iesdeltebre\/wp-json\/wp\/v2\/media?parent=16359"}],"wp:term":[{"taxonomy":"category","embeddable":true,"href":"https:\/\/agora.xtec.cat\/iesdeltebre\/wp-json\/wp\/v2\/categories?post=16359"},{"taxonomy":"post_tag","embeddable":true,"href":"https:\/\/agora.xtec.cat\/iesdeltebre\/wp-json\/wp\/v2\/tags?post=16359"}],"curies":[{"name":"wp","href":"https:\/\/api.w.org\/{rel}","templated":true}]}}