{"id":16287,"date":"2020-03-28T11:18:32","date_gmt":"2020-03-28T10:18:32","guid":{"rendered":"http:\/\/agora.xtec.cat\/iesdeltebre\/?p=16287"},"modified":"2020-05-22T17:01:54","modified_gmt":"2020-05-22T15:01:54","slug":"contra-el-coronavirus-ensquedemacasa","status":"publish","type":"post","link":"https:\/\/agora.xtec.cat\/iesdeltebre\/portada\/contra-el-coronavirus-ensquedemacasa\/","title":{"rendered":"Contra el coronavirus #ensquedemacasa"},"content":{"rendered":"<p>Els membres de la comunitat educativa de l&#8217;Institut de Deltebre, romandrem a casa fins a nou av\u00eds i us animem amb aquest v\u00eddeo a fer el mateix per acabar amb el Coronavirus el m\u00e9s aviat possible.<\/p>\n<p>Per mi, per tu, per tots.<\/p>\n<p>#joemquedoacasa<\/p>\n<p><iframe loading=\"lazy\" title=\"#ensquedemacasa\" width=\"500\" height=\"281\" src=\"https:\/\/www.youtube.com\/embed\/W9fU4eitGzY?list=PL4ksGVhkl1pyPNcU9rq0mPfkebo35a5j4\" frameborder=\"0\" allow=\"accelerometer; autoplay; clipboard-write; encrypted-media; gyroscope; picture-in-picture; web-share\" referrerpolicy=\"strict-origin-when-cross-origin\" allowfullscreen><\/iframe><\/p>\n","protected":false},"excerpt":{"rendered":"<p>Els membres de la comunitat educativa de l&#8217;Institut de Deltebre, romandrem a casa fins a nou av\u00eds i us animem amb aquest v\u00eddeo a fer el mateix per acabar amb el Coronavirus el m\u00e9s aviat possible.<br \/>\nPer mi, per tu, per tots.<br \/>\n#joemquedoacasa<\/p>\n","protected":false},"author":1,"featured_media":16290,"comment_status":"open","ping_status":"closed","sticky":false,"template":"","format":"standard","meta":{"_bbp_topic_count":0,"_bbp_reply_count":0,"_bbp_total_topic_count":0,"_bbp_total_reply_count":0,"_bbp_voice_count":0,"_bbp_anonymous_reply_count":0,"_bbp_topic_count_hidden":0,"_bbp_reply_count_hidden":0,"_bbp_forum_subforum_count":0,"footnotes":""},"categories":[29],"tags":[144,143,142,111,101],"class_list":["post-16287","post","type-post","status-publish","format-standard","has-post-thumbnail","hentry","category-portada","tag-joemquedoacasa","tag-confinament","tag-covid19","tag-ins-de-deltebre","tag-tebnoticies"],"post_mailing_queue_ids":[],"_links":{"self":[{"href":"https:\/\/agora.xtec.cat\/iesdeltebre\/wp-json\/wp\/v2\/posts\/16287","targetHints":{"allow":["GET"]}}],"collection":[{"href":"https:\/\/agora.xtec.cat\/iesdeltebre\/wp-json\/wp\/v2\/posts"}],"about":[{"href":"https:\/\/agora.xtec.cat\/iesdeltebre\/wp-json\/wp\/v2\/types\/post"}],"author":[{"embeddable":true,"href":"https:\/\/agora.xtec.cat\/iesdeltebre\/wp-json\/wp\/v2\/users\/1"}],"replies":[{"embeddable":true,"href":"https:\/\/agora.xtec.cat\/iesdeltebre\/wp-json\/wp\/v2\/comments?post=16287"}],"version-history":[{"count":1,"href":"https:\/\/agora.xtec.cat\/iesdeltebre\/wp-json\/wp\/v2\/posts\/16287\/revisions"}],"predecessor-version":[{"id":16288,"href":"https:\/\/agora.xtec.cat\/iesdeltebre\/wp-json\/wp\/v2\/posts\/16287\/revisions\/16288"}],"wp:featuredmedia":[{"embeddable":true,"href":"https:\/\/agora.xtec.cat\/iesdeltebre\/wp-json\/wp\/v2\/media\/16290"}],"wp:attachment":[{"href":"https:\/\/agora.xtec.cat\/iesdeltebre\/wp-json\/wp\/v2\/media?parent=16287"}],"wp:term":[{"taxonomy":"category","embeddable":true,"href":"https:\/\/agora.xtec.cat\/iesdeltebre\/wp-json\/wp\/v2\/categories?post=16287"},{"taxonomy":"post_tag","embeddable":true,"href":"https:\/\/agora.xtec.cat\/iesdeltebre\/wp-json\/wp\/v2\/tags?post=16287"}],"curies":[{"name":"wp","href":"https:\/\/api.w.org\/{rel}","templated":true}]}}